{"id":1017,"date":"2025-08-04T13:46:42","date_gmt":"2025-08-04T12:46:42","guid":{"rendered":"https:\/\/www.radiomais.ao\/?p=1017"},"modified":"2025-08-04T13:49:02","modified_gmt":"2025-08-04T12:49:02","slug":"chan-2025-palancas-negras-comecam-com-pe-esquerdo","status":"publish","type":"post","link":"https:\/\/www.radiomais.ao\/index.php\/2025\/08\/04\/chan-2025-palancas-negras-comecam-com-pe-esquerdo\/","title":{"rendered":"CHAN 2025: Palancas Negras come\u00e7am com p\u00e9 esquerdo"},"content":{"rendered":"\n<p>A Selec\u00e7\u00e3o Nacional de futebol come\u00e7ou ontem, domingo, com p\u00e9 esquerdo, ap\u00f3s perder, por 0-2, diante do Marrocos, em jogo referente \u00e0 primeira jornada do grupo A do CHAN 2025, prova reservada para jogadores que actuam no campeonato interno, na cidade queniana de Nairobi. Fonte<strong><em><a href=\"https:\/\/www.opais.ao\/desporto\/chan-2025-palancas-negras-comecam-com-pe-esquerdo\/\"> OPa\u00eds<\/a><\/em><\/strong><\/p>\n\n\n\n<p><\/p>\n","protected":false},"excerpt":{"rendered":"<p>A Selec\u00e7\u00e3o Nacional de futebol come\u00e7ou ontem, domingo, com p\u00e9 esquerdo, ap\u00f3s perder, por 0-2, diante do Marrocos, em jogo referente \u00e0 primeira jornada do grupo A do CHAN 2025, prova reservada para jogadores que actuam no campeonato interno, na cidade queniana de Nairobi. Fonte OPa\u00eds<\/p>\n","protected":false},"author":4,"featured_media":1012,"comment_status":"open","ping_status":"open","sticky":false,"template":"","format":"standard","meta":{"footnotes":""},"categories":[16],"tags":[75,74,76],"class_list":["post-1017","post","type-post","status-publish","format-standard","has-post-thumbnail","hentry","category-actualidade","tag-angola","tag-chan","tag-futebol"],"blocksy_meta":[],"_links":{"self":[{"href":"https:\/\/www.radiomais.ao\/index.php\/wp-json\/wp\/v2\/posts\/1017","targetHints":{"allow":["GET"]}}],"collection":[{"href":"https:\/\/www.radiomais.ao\/index.php\/wp-json\/wp\/v2\/posts"}],"about":[{"href":"https:\/\/www.radiomais.ao\/index.php\/wp-json\/wp\/v2\/types\/post"}],"author":[{"embeddable":true,"href":"https:\/\/www.radiomais.ao\/index.php\/wp-json\/wp\/v2\/users\/4"}],"replies":[{"embeddable":true,"href":"https:\/\/www.radiomais.ao\/index.php\/wp-json\/wp\/v2\/comments?post=1017"}],"version-history":[{"count":1,"href":"https:\/\/www.radiomais.ao\/index.php\/wp-json\/wp\/v2\/posts\/1017\/revisions"}],"predecessor-version":[{"id":1018,"href":"https:\/\/www.radiomais.ao\/index.php\/wp-json\/wp\/v2\/posts\/1017\/revisions\/1018"}],"wp:featuredmedia":[{"embeddable":true,"href":"https:\/\/www.radiomais.ao\/index.php\/wp-json\/wp\/v2\/media\/1012"}],"wp:attachment":[{"href":"https:\/\/www.radiomais.ao\/index.php\/wp-json\/wp\/v2\/media?parent=1017"}],"wp:term":[{"taxonomy":"category","embeddable":true,"href":"https:\/\/www.radiomais.ao\/index.php\/wp-json\/wp\/v2\/categories?post=1017"},{"taxonomy":"post_tag","embeddable":true,"href":"https:\/\/www.radiomais.ao\/index.php\/wp-json\/wp\/v2\/tags?post=1017"}],"curies":[{"name":"wp","href":"https:\/\/api.w.org\/{rel}","templated":true}]}}