{"id":1019,"date":"2025-08-04T13:57:46","date_gmt":"2025-08-04T12:57:46","guid":{"rendered":"https:\/\/www.radiomais.ao\/?p=1019"},"modified":"2025-08-04T14:05:07","modified_gmt":"2025-08-04T13:05:07","slug":"executivo-aprova-hoje-medidas-de-apoio-as-empresas-atingidas-pela-onda-de-vandalismo","status":"publish","type":"post","link":"https:\/\/www.radiomais.ao\/index.php\/2025\/08\/04\/executivo-aprova-hoje-medidas-de-apoio-as-empresas-atingidas-pela-onda-de-vandalismo\/","title":{"rendered":"Executivo vai apoiar empresas atingidas pela onda de vandalismo"},"content":{"rendered":"\n<p><strong>O an\u00fancio de apoio \u00e0s empresas atingidas pela onda de vandalismo foi feito, na \u00faltima sexta-feira, pelo Presidente da Rep\u00fablica, Jo\u00e3o Louren\u00e7o, durante uma mensagem dirigida \u00e0 Na\u00e7\u00e3o no \u00e2mbito do caos e da vandaliza\u00e7\u00e3o que resultou na destrui\u00e7\u00e3o de v\u00e1rios bens p\u00fablicos e privados que assolou as prov\u00edncias de Luanda, Icolo e Bengo, Lunda-Norte, Malanje, Bengo, Hu\u00edla e Huambo<\/strong>. Leia mais <a href=\"https:\/\/www.opais.ao\/politica\/executivo-aprova-hoje-medidas-de-apoio-as-empresas-atingidas-pela-onda-de-vandalismo\/\"><mark style=\"background-color:rgba(0, 0, 0, 0)\" class=\"has-inline-color has-palette-color-6-color\"><strong><em>no OPa\u00eds<\/em><\/strong><\/mark><\/a><\/p>\n\n\n\n<p><\/p>\n","protected":false},"excerpt":{"rendered":"<p>O an\u00fancio de apoio \u00e0s empresas atingidas pela onda de vandalismo foi feito, na \u00faltima sexta-feira, pelo Presidente da Rep\u00fablica, Jo\u00e3o Louren\u00e7o, durante uma mensagem dirigida \u00e0 Na\u00e7\u00e3o no \u00e2mbito do caos e da vandaliza\u00e7\u00e3o que resultou na destrui\u00e7\u00e3o de v\u00e1rios bens p\u00fablicos e privados que assolou as prov\u00edncias de Luanda, Icolo e Bengo, Lunda-Norte, [&hellip;]<\/p>\n","protected":false},"author":4,"featured_media":1022,"comment_status":"open","ping_status":"open","sticky":false,"template":"","format":"standard","meta":{"footnotes":""},"categories":[16],"tags":[79,81,80,78],"class_list":["post-1019","post","type-post","status-publish","format-standard","has-post-thumbnail","hentry","category-actualidade","tag-manifestacao","tag-pilhagem","tag-taxistas","tag-vandalizacao"],"blocksy_meta":[],"_links":{"self":[{"href":"https:\/\/www.radiomais.ao\/index.php\/wp-json\/wp\/v2\/posts\/1019","targetHints":{"allow":["GET"]}}],"collection":[{"href":"https:\/\/www.radiomais.ao\/index.php\/wp-json\/wp\/v2\/posts"}],"about":[{"href":"https:\/\/www.radiomais.ao\/index.php\/wp-json\/wp\/v2\/types\/post"}],"author":[{"embeddable":true,"href":"https:\/\/www.radiomais.ao\/index.php\/wp-json\/wp\/v2\/users\/4"}],"replies":[{"embeddable":true,"href":"https:\/\/www.radiomais.ao\/index.php\/wp-json\/wp\/v2\/comments?post=1019"}],"version-history":[{"count":2,"href":"https:\/\/www.radiomais.ao\/index.php\/wp-json\/wp\/v2\/posts\/1019\/revisions"}],"predecessor-version":[{"id":1023,"href":"https:\/\/www.radiomais.ao\/index.php\/wp-json\/wp\/v2\/posts\/1019\/revisions\/1023"}],"wp:featuredmedia":[{"embeddable":true,"href":"https:\/\/www.radiomais.ao\/index.php\/wp-json\/wp\/v2\/media\/1022"}],"wp:attachment":[{"href":"https:\/\/www.radiomais.ao\/index.php\/wp-json\/wp\/v2\/media?parent=1019"}],"wp:term":[{"taxonomy":"category","embeddable":true,"href":"https:\/\/www.radiomais.ao\/index.php\/wp-json\/wp\/v2\/categories?post=1019"},{"taxonomy":"post_tag","embeddable":true,"href":"https:\/\/www.radiomais.ao\/index.php\/wp-json\/wp\/v2\/tags?post=1019"}],"curies":[{"name":"wp","href":"https:\/\/api.w.org\/{rel}","templated":true}]}}