{"id":1024,"date":"2025-08-04T14:15:14","date_gmt":"2025-08-04T13:15:14","guid":{"rendered":"https:\/\/www.radiomais.ao\/?p=1024"},"modified":"2025-08-04T14:16:57","modified_gmt":"2025-08-04T13:16:57","slug":"sida-mata-mais-de-100-pessoas-em-seis-meses-no-bie","status":"publish","type":"post","link":"https:\/\/www.radiomais.ao\/index.php\/2025\/08\/04\/sida-mata-mais-de-100-pessoas-em-seis-meses-no-bie\/","title":{"rendered":"SIDA mata mais de 100 pessoas em seis meses no Bi\u00e9"},"content":{"rendered":"\n<p>Durante os primeiros seis meses do ano em curso, cento e 24 pessoas perderam a vida na prov\u00edncia do Bi\u00e9, v\u00edtimas de complica\u00e7\u00f5es associadas \u00e0 S\u00edndrome de Imunodefici\u00eancia Adquirida (SIDA), registando um acr\u00e9scimo de 103 mortes em rela\u00e7\u00e3o ao per\u00edodo hom\u00f3logo de 2024. Leia Mais no <strong><a href=\"https:\/\/www.opais.ao\/sociedade\/sida-mata-mais-de-100-pessoas-em-seis-meses-no-bie\/\"><mark style=\"background-color:rgba(0, 0, 0, 0)\" class=\"has-inline-color has-palette-color-6-color\"><em>Opa\u00eds<\/em><\/mark><\/a><\/strong><\/p>\n\n\n\n<p><\/p>\n","protected":false},"excerpt":{"rendered":"<p>Durante os primeiros seis meses do ano em curso, cento e 24 pessoas perderam a vida na prov\u00edncia do Bi\u00e9, v\u00edtimas de complica\u00e7\u00f5es associadas \u00e0 S\u00edndrome de Imunodefici\u00eancia Adquirida (SIDA), registando um acr\u00e9scimo de 103 mortes em rela\u00e7\u00e3o ao per\u00edodo hom\u00f3logo de 2024. Leia Mais no Opa\u00eds<\/p>\n","protected":false},"author":4,"featured_media":1026,"comment_status":"open","ping_status":"open","sticky":false,"template":"","format":"standard","meta":{"footnotes":""},"categories":[16],"tags":[83,82,84],"class_list":["post-1024","post","type-post","status-publish","format-standard","has-post-thumbnail","hentry","category-actualidade","tag-bie","tag-sida","tag-testes"],"blocksy_meta":[],"_links":{"self":[{"href":"https:\/\/www.radiomais.ao\/index.php\/wp-json\/wp\/v2\/posts\/1024","targetHints":{"allow":["GET"]}}],"collection":[{"href":"https:\/\/www.radiomais.ao\/index.php\/wp-json\/wp\/v2\/posts"}],"about":[{"href":"https:\/\/www.radiomais.ao\/index.php\/wp-json\/wp\/v2\/types\/post"}],"author":[{"embeddable":true,"href":"https:\/\/www.radiomais.ao\/index.php\/wp-json\/wp\/v2\/users\/4"}],"replies":[{"embeddable":true,"href":"https:\/\/www.radiomais.ao\/index.php\/wp-json\/wp\/v2\/comments?post=1024"}],"version-history":[{"count":1,"href":"https:\/\/www.radiomais.ao\/index.php\/wp-json\/wp\/v2\/posts\/1024\/revisions"}],"predecessor-version":[{"id":1025,"href":"https:\/\/www.radiomais.ao\/index.php\/wp-json\/wp\/v2\/posts\/1024\/revisions\/1025"}],"wp:featuredmedia":[{"embeddable":true,"href":"https:\/\/www.radiomais.ao\/index.php\/wp-json\/wp\/v2\/media\/1026"}],"wp:attachment":[{"href":"https:\/\/www.radiomais.ao\/index.php\/wp-json\/wp\/v2\/media?parent=1024"}],"wp:term":[{"taxonomy":"category","embeddable":true,"href":"https:\/\/www.radiomais.ao\/index.php\/wp-json\/wp\/v2\/categories?post=1024"},{"taxonomy":"post_tag","embeddable":true,"href":"https:\/\/www.radiomais.ao\/index.php\/wp-json\/wp\/v2\/tags?post=1024"}],"curies":[{"name":"wp","href":"https:\/\/api.w.org\/{rel}","templated":true}]}}