{"id":1027,"date":"2025-08-04T14:23:35","date_gmt":"2025-08-04T13:23:35","guid":{"rendered":"https:\/\/www.radiomais.ao\/?p=1027"},"modified":"2025-08-04T14:26:17","modified_gmt":"2025-08-04T13:26:17","slug":"tribunal-do-lubango-inicia-julgamento-dos-tres-cidadaos-envolvidos-na-morte-do-missionario-americano","status":"publish","type":"post","link":"https:\/\/www.radiomais.ao\/index.php\/2025\/08\/04\/tribunal-do-lubango-inicia-julgamento-dos-tres-cidadaos-envolvidos-na-morte-do-missionario-americano\/","title":{"rendered":"Tribunal do Lubango inicia julgamento dos tr\u00eas cidad\u00e3os envolvidos na morte do mission\u00e1rio americano"},"content":{"rendered":"\n<p><strong>O Tribunal de Comarca do Lubango, capital da prov\u00edncia da Hu\u00edla, inicia hoje o julgamento de tr\u00eas cidad\u00e3os nacionais, acusados de terem matado um cidad\u00e3o norte-americano, supostamente a mando da pr\u00f3pria esposa, com quem vivia em territ\u00f3rio nacional, concretamente no bairro da Mitcha<\/strong>. Leia Mais no <strong><em><a href=\"https:\/\/www.opais.ao\/sociedade\/tribunal-do-lubango-inicia-julgamento-dos-tres-cidadaos-envolvidos-na-morte-do-missionario-americano\/\"><mark style=\"background-color:rgba(0, 0, 0, 0)\" class=\"has-inline-color has-palette-color-6-color\">OPais<\/mark><\/a><\/em><\/strong><\/p>\n\n\n\n<p><\/p>\n","protected":false},"excerpt":{"rendered":"<p>O Tribunal de Comarca do Lubango, capital da prov\u00edncia da Hu\u00edla, inicia hoje o julgamento de tr\u00eas cidad\u00e3os nacionais, acusados de terem matado um cidad\u00e3o norte-americano, supostamente a mando da pr\u00f3pria esposa, com quem vivia em territ\u00f3rio nacional, concretamente no bairro da Mitcha. Leia Mais no OPais<\/p>\n","protected":false},"author":4,"featured_media":1028,"comment_status":"open","ping_status":"open","sticky":false,"template":"","format":"standard","meta":{"footnotes":""},"categories":[16],"tags":[],"class_list":["post-1027","post","type-post","status-publish","format-standard","has-post-thumbnail","hentry","category-actualidade"],"blocksy_meta":[],"_links":{"self":[{"href":"https:\/\/www.radiomais.ao\/index.php\/wp-json\/wp\/v2\/posts\/1027","targetHints":{"allow":["GET"]}}],"collection":[{"href":"https:\/\/www.radiomais.ao\/index.php\/wp-json\/wp\/v2\/posts"}],"about":[{"href":"https:\/\/www.radiomais.ao\/index.php\/wp-json\/wp\/v2\/types\/post"}],"author":[{"embeddable":true,"href":"https:\/\/www.radiomais.ao\/index.php\/wp-json\/wp\/v2\/users\/4"}],"replies":[{"embeddable":true,"href":"https:\/\/www.radiomais.ao\/index.php\/wp-json\/wp\/v2\/comments?post=1027"}],"version-history":[{"count":1,"href":"https:\/\/www.radiomais.ao\/index.php\/wp-json\/wp\/v2\/posts\/1027\/revisions"}],"predecessor-version":[{"id":1029,"href":"https:\/\/www.radiomais.ao\/index.php\/wp-json\/wp\/v2\/posts\/1027\/revisions\/1029"}],"wp:featuredmedia":[{"embeddable":true,"href":"https:\/\/www.radiomais.ao\/index.php\/wp-json\/wp\/v2\/media\/1028"}],"wp:attachment":[{"href":"https:\/\/www.radiomais.ao\/index.php\/wp-json\/wp\/v2\/media?parent=1027"}],"wp:term":[{"taxonomy":"category","embeddable":true,"href":"https:\/\/www.radiomais.ao\/index.php\/wp-json\/wp\/v2\/categories?post=1027"},{"taxonomy":"post_tag","embeddable":true,"href":"https:\/\/www.radiomais.ao\/index.php\/wp-json\/wp\/v2\/tags?post=1027"}],"curies":[{"name":"wp","href":"https:\/\/api.w.org\/{rel}","templated":true}]}}