{"id":1042,"date":"2025-08-06T17:20:53","date_gmt":"2025-08-06T16:20:53","guid":{"rendered":"https:\/\/www.radiomais.ao\/?p=1042"},"modified":"2025-08-06T17:33:34","modified_gmt":"2025-08-06T16:33:34","slug":"projectos-bita-e-kilonga-vao-produzir-mais-700-mil-metros-cubicos-de-agua-por-dia","status":"publish","type":"post","link":"https:\/\/www.radiomais.ao\/index.php\/2025\/08\/06\/projectos-bita-e-kilonga-vao-produzir-mais-700-mil-metros-cubicos-de-agua-por-dia\/","title":{"rendered":"Projectos Bita e Kilonga v\u00e3o produzir mais 700 mil metros c\u00fabicos de \u00e1gua por dia"},"content":{"rendered":"\n<p>O Presidente da Rep\u00fablica constata hoje, grau de execu\u00e7\u00e3o dos projectos de abastecimento de \u00e1gua do Quilonga, na prov\u00edncia de Icolo e Bengo e do Bita em Luanda.<\/p>\n\n\n\n<p>Os referidos projetos s\u00e3o estrat\u00e9gicos para o tratamento, abastecimento e armazenamento de \u00e1gua pot\u00e1vel no quadro da melhoria e expans\u00e3o do servi\u00e7o nas zonas urbanas e periurbanas.<\/p>\n\n\n\n<p>O Ministro da Energia e \u00c1guas adiantou que a conclus\u00e3o dos projectos Bita e Kilonga v\u00e3o permitir a produ\u00e7\u00e3o de 750 mil metros c\u00fabicos de \u00e1gua por dia, para abastecer as prov\u00edncias de Icolo e Bengo e de Luanda.<\/p>\n\n\n\n<p>Segundo Jo\u00e3o Baptista Borges, o executivo garantiu um investimento avaliado em 9 mil d\u00f3lares-norte americanos, para a melhoria do abastecimento de \u00e1gua.<\/p>\n\n\n<p><iframe width=\"100%\" height=\"166\" scrolling=\"no\" frameborder=\"no\" allow=\"autoplay\" src=\"https:\/\/w.soundcloud.com\/player\/?url=https%3A\/\/api.soundcloud.com\/tracks\/2148916671&#038;color=%23ff5500&#038;auto_play=false&#038;hide_related=false&#038;show_comments=true&#038;show_user=true&#038;show_reposts=false&#038;show_teaser=true\"><\/iframe><\/p>\n<div style=\"font-size: 10px; color: #cccccc;line-break: anywhere;word-break: normal;overflow: hidden;white-space: nowrap;text-overflow: ellipsis; font-family: Interstate,Lucida Grande,Lucida Sans Unicode,Lucida Sans,Garuda,Verdana,Tahoma,sans-serif;font-weight: 100;\"><a href=\"https:\/\/soundcloud.com\/radio-mais-luanda\" title=\"RadioMais\" target=\"_blank\" style=\"color: #cccccc; text-decoration: none;\">RadioMais<\/a> \u00b7 <a href=\"https:\/\/soundcloud.com\/radio-mais-luanda\/projectos-bita-e-kilonga-vao-produzir-mais-700-mil-metros-cubicos-de-agua-por-dia-ministro-joao-baptista-borges\" title=\"Projectos Bita e Kilonga v\u00e3o produzir mais 700 mil metros c\u00fabicos de \u00e1gua por dia-MINISTRO JO\u00c3O BAPTISTA BORGES\" target=\"_blank\" style=\"color: #cccccc; text-decoration: none;\">Projectos Bita e Kilonga v\u00e3o produzir mais 700 mil metros c\u00fabicos de \u00e1gua por dia-MINISTRO JO\u00c3O BAPTISTA BORGES<\/a><\/div>\n","protected":false},"excerpt":{"rendered":"<p>O Presidente da Rep\u00fablica constata hoje, grau de execu\u00e7\u00e3o dos projectos de abastecimento de \u00e1gua do Quilonga, na prov\u00edncia de Icolo e Bengo e do Bita em Luanda. Os referidos projetos s\u00e3o estrat\u00e9gicos para o tratamento, abastecimento e armazenamento de \u00e1gua pot\u00e1vel no quadro da melhoria e expans\u00e3o do servi\u00e7o nas zonas urbanas e periurbanas. [&hellip;]<\/p>\n","protected":false},"author":4,"featured_media":1043,"comment_status":"open","ping_status":"open","sticky":false,"template":"","format":"standard","meta":{"footnotes":""},"categories":[16],"tags":[],"class_list":["post-1042","post","type-post","status-publish","format-standard","has-post-thumbnail","hentry","category-actualidade"],"blocksy_meta":[],"_links":{"self":[{"href":"https:\/\/www.radiomais.ao\/index.php\/wp-json\/wp\/v2\/posts\/1042","targetHints":{"allow":["GET"]}}],"collection":[{"href":"https:\/\/www.radiomais.ao\/index.php\/wp-json\/wp\/v2\/posts"}],"about":[{"href":"https:\/\/www.radiomais.ao\/index.php\/wp-json\/wp\/v2\/types\/post"}],"author":[{"embeddable":true,"href":"https:\/\/www.radiomais.ao\/index.php\/wp-json\/wp\/v2\/users\/4"}],"replies":[{"embeddable":true,"href":"https:\/\/www.radiomais.ao\/index.php\/wp-json\/wp\/v2\/comments?post=1042"}],"version-history":[{"count":5,"href":"https:\/\/www.radiomais.ao\/index.php\/wp-json\/wp\/v2\/posts\/1042\/revisions"}],"predecessor-version":[{"id":1048,"href":"https:\/\/www.radiomais.ao\/index.php\/wp-json\/wp\/v2\/posts\/1042\/revisions\/1048"}],"wp:featuredmedia":[{"embeddable":true,"href":"https:\/\/www.radiomais.ao\/index.php\/wp-json\/wp\/v2\/media\/1043"}],"wp:attachment":[{"href":"https:\/\/www.radiomais.ao\/index.php\/wp-json\/wp\/v2\/media?parent=1042"}],"wp:term":[{"taxonomy":"category","embeddable":true,"href":"https:\/\/www.radiomais.ao\/index.php\/wp-json\/wp\/v2\/categories?post=1042"},{"taxonomy":"post_tag","embeddable":true,"href":"https:\/\/www.radiomais.ao\/index.php\/wp-json\/wp\/v2\/tags?post=1042"}],"curies":[{"name":"wp","href":"https:\/\/api.w.org\/{rel}","templated":true}]}}