{"id":1049,"date":"2025-08-06T17:47:55","date_gmt":"2025-08-06T16:47:55","guid":{"rendered":"https:\/\/www.radiomais.ao\/?p=1049"},"modified":"2025-08-06T18:16:47","modified_gmt":"2025-08-06T17:16:47","slug":"parlamento-angolano-prossegue-com-a-discucao-sobre-a-revisao-da-lei-eleitoral-sobre-o-registo-oficioso","status":"publish","type":"post","link":"https:\/\/www.radiomais.ao\/index.php\/2025\/08\/06\/parlamento-angolano-prossegue-com-a-discucao-sobre-a-revisao-da-lei-eleitoral-sobre-o-registo-oficioso\/","title":{"rendered":"Parlamento Angolano prossegue com a discu\u00e7\u00e3o sobre a revis\u00e3o da lei  eleitoral sobre o registo oficioso"},"content":{"rendered":"\n<p>O Prossegue hoje, na Assembleia Nacional o segundo dia das discuss\u00f5es na especialidade da Proposta e Projecto de Lei de Altera\u00e7\u00e3o \u00e0 Lei do Registo Eleitoral Oficioso.<\/p>\n\n\n\n<p>Esta quarta, a lei org\u00e2nica da organiza\u00e7\u00e3o e funcionamento da comiss\u00e3o nacional eleitoral, registo presencial marcam as discuss\u00f5es.<\/p>\n\n\n\n<p>Durante as apresenta\u00e7\u00f5es das altera\u00e7\u00f5es das propostas por parte dos proponentes, o deputado do Grupo Parlamentar da UNITA, \u00c1lvaro Chikwamanga, defendeu a aprova\u00e7\u00e3o de projectos de leis que sejam mais justas para os Angolanos.<\/p>\n\n\n<p><iframe width=\"100%\" height=\"166\" scrolling=\"no\" frameborder=\"no\" allow=\"autoplay\" src=\"https:\/\/w.soundcloud.com\/player\/?url=https%3A\/\/api.soundcloud.com\/tracks\/2148926061&#038;color=%23214867&#038;auto_play=false&#038;hide_related=false&#038;show_comments=true&#038;show_user=true&#038;show_reposts=false&#038;show_teaser=true\"><\/iframe><\/p>\n<div style=\"font-size: 10px; color: #cccccc;line-break: anywhere;word-break: normal;overflow: hidden;white-space: nowrap;text-overflow: ellipsis; font-family: Interstate,Lucida Grande,Lucida Sans Unicode,Lucida Sans,Garuda,Verdana,Tahoma,sans-serif;font-weight: 100;\"><a href=\"https:\/\/soundcloud.com\/radio-mais-luanda\" title=\"RadioMais\" target=\"_blank\" style=\"color: #cccccc; text-decoration: none;\">RadioMais<\/a> \u00b7 <a href=\"https:\/\/soundcloud.com\/radio-mais-luanda\/deputado-unita-alvaro-chikwamanga-fala-da-revisao-da-lei-eleitoral-sobre-o-registo-eleitoral-oficioso\" title=\"DEPUTADO  UNITA \u00c1lvaro Chikwamanga fala da revis\u00e3o da lei eleitoral sobre o registo eleitoral oficioso\" target=\"_blank\" style=\"color: #cccccc; text-decoration: none;\">DEPUTADO  UNITA \u00c1lvaro Chikwamanga fala da revis\u00e3o da lei eleitoral sobre o registo eleitoral oficioso<\/a><\/div>\n\n\n\n<p>J\u00e1 o Deputado Milonga Bernardo do MPLA, sua interven\u00e7\u00e3o esteve voltada no esclarecendo&nbsp; da norma &nbsp;transit\u00f3ria que descontinua a emiss\u00e3o do Bilhete de identidade.<\/p>\n\n\n<p><iframe width=\"100%\" height=\"166\" scrolling=\"no\" frameborder=\"no\" allow=\"autoplay\" src=\"https:\/\/w.soundcloud.com\/player\/?url=https%3A\/\/api.soundcloud.com\/tracks\/2148928983&#038;color=%23214867&#038;auto_play=false&#038;hide_related=false&#038;show_comments=true&#038;show_user=true&#038;show_reposts=false&#038;show_teaser=true\"><\/iframe><\/p>\n<div style=\"font-size: 10px; color: #cccccc;line-break: anywhere;word-break: normal;overflow: hidden;white-space: nowrap;text-overflow: ellipsis; font-family: Interstate,Lucida Grande,Lucida Sans Unicode,Lucida Sans,Garuda,Verdana,Tahoma,sans-serif;font-weight: 100;\"><a href=\"https:\/\/soundcloud.com\/radio-mais-luanda\" title=\"RadioMais\" target=\"_blank\" style=\"color: #cccccc; text-decoration: none;\">RadioMais<\/a> \u00b7 <a href=\"https:\/\/soundcloud.com\/radio-mais-luanda\/milonga-bernardo-deputado-do-mpla-fala-da-norma-transitoria-do-cartao-eleitoral-para-o-bi\" title=\"MILONGA BERNARDO Deputado do MPLA fala da norma transit\u00f3ria do cart\u00e3o eleitoral para o B.I\" target=\"_blank\" style=\"color: #cccccc; text-decoration: none;\">MILONGA BERNARDO Deputado do MPLA fala da norma transit\u00f3ria do cart\u00e3o eleitoral para o B.I<\/a><\/div>\n\n\n\n<p>Prossegue hoje, na Assembleia Nacional o segundo dia das discuss\u00f5es na especialidade da Proposta e Projecto de Lei de Altera\u00e7\u00e3o \u00e0 Lei do Registo Eleitoral Oficioso.<\/p>\n","protected":false},"excerpt":{"rendered":"<p>O Prossegue hoje, na Assembleia Nacional o segundo dia das discuss\u00f5es na especialidade da Proposta e Projecto de Lei de Altera\u00e7\u00e3o \u00e0 Lei do Registo Eleitoral Oficioso. Esta quarta, a lei org\u00e2nica da organiza\u00e7\u00e3o e funcionamento da comiss\u00e3o nacional eleitoral, registo presencial marcam as discuss\u00f5es. Durante as apresenta\u00e7\u00f5es das altera\u00e7\u00f5es das propostas por parte dos [&hellip;]<\/p>\n","protected":false},"author":4,"featured_media":1050,"comment_status":"open","ping_status":"open","sticky":false,"template":"","format":"standard","meta":{"footnotes":""},"categories":[16],"tags":[89,90,91],"class_list":["post-1049","post","type-post","status-publish","format-standard","has-post-thumbnail","hentry","category-actualidade","tag-assembleia-nacional","tag-eleitoral","tag-leis"],"blocksy_meta":[],"_links":{"self":[{"href":"https:\/\/www.radiomais.ao\/index.php\/wp-json\/wp\/v2\/posts\/1049","targetHints":{"allow":["GET"]}}],"collection":[{"href":"https:\/\/www.radiomais.ao\/index.php\/wp-json\/wp\/v2\/posts"}],"about":[{"href":"https:\/\/www.radiomais.ao\/index.php\/wp-json\/wp\/v2\/types\/post"}],"author":[{"embeddable":true,"href":"https:\/\/www.radiomais.ao\/index.php\/wp-json\/wp\/v2\/users\/4"}],"replies":[{"embeddable":true,"href":"https:\/\/www.radiomais.ao\/index.php\/wp-json\/wp\/v2\/comments?post=1049"}],"version-history":[{"count":2,"href":"https:\/\/www.radiomais.ao\/index.php\/wp-json\/wp\/v2\/posts\/1049\/revisions"}],"predecessor-version":[{"id":1053,"href":"https:\/\/www.radiomais.ao\/index.php\/wp-json\/wp\/v2\/posts\/1049\/revisions\/1053"}],"wp:featuredmedia":[{"embeddable":true,"href":"https:\/\/www.radiomais.ao\/index.php\/wp-json\/wp\/v2\/media\/1050"}],"wp:attachment":[{"href":"https:\/\/www.radiomais.ao\/index.php\/wp-json\/wp\/v2\/media?parent=1049"}],"wp:term":[{"taxonomy":"category","embeddable":true,"href":"https:\/\/www.radiomais.ao\/index.php\/wp-json\/wp\/v2\/categories?post=1049"},{"taxonomy":"post_tag","embeddable":true,"href":"https:\/\/www.radiomais.ao\/index.php\/wp-json\/wp\/v2\/tags?post=1049"}],"curies":[{"name":"wp","href":"https:\/\/api.w.org\/{rel}","templated":true}]}}