{"id":1054,"date":"2025-08-07T08:48:16","date_gmt":"2025-08-07T07:48:16","guid":{"rendered":"https:\/\/www.radiomais.ao\/?p=1054"},"modified":"2025-08-10T02:57:04","modified_gmt":"2025-08-10T01:57:04","slug":"padre-desaparecido-no-huambo-encontrado-morto-o-pai-e-o-principal-suspeito","status":"publish","type":"post","link":"https:\/\/www.radiomais.ao\/index.php\/2025\/08\/07\/padre-desaparecido-no-huambo-encontrado-morto-o-pai-e-o-principal-suspeito\/","title":{"rendered":"Padre desaparecido no Huambo encontrado morto, o pai \u00e9 o principal suspeito"},"content":{"rendered":"\n<p>O Vig\u00e1rio da Par\u00f3quia de S\u00e3o Jo\u00e3o no Huambo, padre Vasco Ngonguela Samba, de 30 anos, foi encontrado sem vida, esta quarta-feira, na albufeira do rio Cuando, uma semana ap\u00f3s ter sido dado como desaparecido.<\/p>\n\n\n\n<p>O pai da V\u00edtima j\u00e1 detido pelo Servi\u00e7o de Investiga\u00e7\u00e3o Criminal \u00e9 apontado como suspeito.<\/p>\n\n\n<p><iframe width=\"100%\" height=\"166\" scrolling=\"no\" frameborder=\"no\" allow=\"autoplay\" src=\"https:\/\/w.soundcloud.com\/player\/?url=https%3A\/\/api.soundcloud.com\/tracks\/2149221108&#038;color=%23214867&#038;auto_play=false&#038;hide_related=false&#038;show_comments=true&#038;show_user=true&#038;show_reposts=false&#038;show_teaser=true\"><\/iframe><\/p>\n<div style=\"font-size: 10px; color: #cccccc;line-break: anywhere;word-break: normal;overflow: hidden;white-space: nowrap;text-overflow: ellipsis; font-family: Interstate,Lucida Grande,Lucida Sans Unicode,Lucida Sans,Garuda,Verdana,Tahoma,sans-serif;font-weight: 100;\"><a href=\"https:\/\/soundcloud.com\/radio-mais-luanda\" title=\"RadioMais\" target=\"_blank\" style=\"color: #cccccc; text-decoration: none;\">RadioMais<\/a> \u00b7 <a href=\"https:\/\/soundcloud.com\/radio-mais-luanda\/otenasio-matias-padre\" title=\"Padre desaparecido encontrado morto, pai do vig\u00e1rio \u00e9 o principal suspeito\" target=\"_blank\" style=\"color: #cccccc; text-decoration: none;\">Padre desaparecido encontrado morto, pai do vig\u00e1rio \u00e9 o principal suspeito<\/a><\/div>\n\n\n\n<p><\/p>\n","protected":false},"excerpt":{"rendered":"<p>O Vig\u00e1rio da Par\u00f3quia de S\u00e3o Jo\u00e3o no Huambo, padre Vasco Ngonguela Samba, de 30 anos, foi encontrado sem vida, esta quarta-feira, na albufeira do rio Cuando, uma semana ap\u00f3s ter sido dado como desaparecido. O pai da V\u00edtima j\u00e1 detido pelo Servi\u00e7o de Investiga\u00e7\u00e3o Criminal \u00e9 apontado como suspeito.<\/p>\n","protected":false},"author":4,"featured_media":1056,"comment_status":"open","ping_status":"open","sticky":false,"template":"","format":"standard","meta":{"footnotes":""},"categories":[16],"tags":[22,92,94,93],"class_list":["post-1054","post","type-post","status-publish","format-standard","has-post-thumbnail","hentry","category-actualidade","tag-destaque","tag-huambo","tag-padre","tag-vanco-samba"],"blocksy_meta":[],"_links":{"self":[{"href":"https:\/\/www.radiomais.ao\/index.php\/wp-json\/wp\/v2\/posts\/1054","targetHints":{"allow":["GET"]}}],"collection":[{"href":"https:\/\/www.radiomais.ao\/index.php\/wp-json\/wp\/v2\/posts"}],"about":[{"href":"https:\/\/www.radiomais.ao\/index.php\/wp-json\/wp\/v2\/types\/post"}],"author":[{"embeddable":true,"href":"https:\/\/www.radiomais.ao\/index.php\/wp-json\/wp\/v2\/users\/4"}],"replies":[{"embeddable":true,"href":"https:\/\/www.radiomais.ao\/index.php\/wp-json\/wp\/v2\/comments?post=1054"}],"version-history":[{"count":4,"href":"https:\/\/www.radiomais.ao\/index.php\/wp-json\/wp\/v2\/posts\/1054\/revisions"}],"predecessor-version":[{"id":1060,"href":"https:\/\/www.radiomais.ao\/index.php\/wp-json\/wp\/v2\/posts\/1054\/revisions\/1060"}],"wp:featuredmedia":[{"embeddable":true,"href":"https:\/\/www.radiomais.ao\/index.php\/wp-json\/wp\/v2\/media\/1056"}],"wp:attachment":[{"href":"https:\/\/www.radiomais.ao\/index.php\/wp-json\/wp\/v2\/media?parent=1054"}],"wp:term":[{"taxonomy":"category","embeddable":true,"href":"https:\/\/www.radiomais.ao\/index.php\/wp-json\/wp\/v2\/categories?post=1054"},{"taxonomy":"post_tag","embeddable":true,"href":"https:\/\/www.radiomais.ao\/index.php\/wp-json\/wp\/v2\/tags?post=1054"}],"curies":[{"name":"wp","href":"https:\/\/api.w.org\/{rel}","templated":true}]}}