{"id":1182,"date":"2025-08-10T02:52:05","date_gmt":"2025-08-10T01:52:05","guid":{"rendered":"https:\/\/www.radiomais.ao\/?p=1182"},"modified":"2025-08-10T02:56:36","modified_gmt":"2025-08-10T01:56:36","slug":"pr-propoe-a-promocao-de-rede-de-micro-empresas","status":"publish","type":"post","link":"https:\/\/www.radiomais.ao\/index.php\/2025\/08\/10\/pr-propoe-a-promocao-de-rede-de-micro-empresas\/","title":{"rendered":"Presidente da Rep\u00fablica prop\u00f5e promo\u00e7\u00e3o de rede de micro-empresas"},"content":{"rendered":"\n<p>O Presidente da Rep\u00fablica, Jo\u00e3o Louren\u00e7o, prop\u00f4s aos governadores provinciais de todo o pa\u00eds, hoje, s\u00e1bado, 09, na abertura da Feira dos Munic\u00edpios e Cidades de Angola, em Benguela, a necessidade de eles serem promotores do surgimento de redes de micro, m\u00e9dia e pequenas e cooperativas e que, no seu conjunto, se configurem em trocas de bens e servi\u00e7os \u00e0 escala nacional.<mark style=\"background-color:rgba(0, 0, 0, 0)\" class=\"has-inline-color has-palette-color-6-color\"> <strong><a href=\"https:\/\/www.opais.ao\/politica\/pr-propoe-a-governadores-a-promoverem-surgimento-de-rede-de-micro-empresas\/\" data-type=\"link\" data-id=\"https:\/\/www.opais.ao\/politica\/pr-propoe-a-governadores-a-promoverem-surgimento-de-rede-de-micro-empresas\/\">saiba mais no OPa\u00eds<\/a><\/strong><\/mark><\/p>\n\n\n\n<p><\/p>\n","protected":false},"excerpt":{"rendered":"<p>O Presidente da Rep\u00fablica, Jo\u00e3o Louren\u00e7o, prop\u00f4s aos governadores provinciais de todo o pa\u00eds, hoje, s\u00e1bado, 09, na abertura da Feira dos Munic\u00edpios e Cidades de Angola, em Benguela, a necessidade de eles serem promotores do surgimento de redes de micro, m\u00e9dia e pequenas e cooperativas e que, no seu conjunto, se configurem em trocas [&hellip;]<\/p>\n","protected":false},"author":4,"featured_media":1183,"comment_status":"open","ping_status":"open","sticky":false,"template":"","format":"standard","meta":{"footnotes":""},"categories":[],"tags":[95,22,98,97,96],"class_list":["post-1182","post","type-post","status-publish","format-standard","has-post-thumbnail","hentry","tag-benguela","tag-destaque","tag-fmca","tag-joao-lourenco","tag-presidente"],"blocksy_meta":[],"_links":{"self":[{"href":"https:\/\/www.radiomais.ao\/index.php\/wp-json\/wp\/v2\/posts\/1182","targetHints":{"allow":["GET"]}}],"collection":[{"href":"https:\/\/www.radiomais.ao\/index.php\/wp-json\/wp\/v2\/posts"}],"about":[{"href":"https:\/\/www.radiomais.ao\/index.php\/wp-json\/wp\/v2\/types\/post"}],"author":[{"embeddable":true,"href":"https:\/\/www.radiomais.ao\/index.php\/wp-json\/wp\/v2\/users\/4"}],"replies":[{"embeddable":true,"href":"https:\/\/www.radiomais.ao\/index.php\/wp-json\/wp\/v2\/comments?post=1182"}],"version-history":[{"count":3,"href":"https:\/\/www.radiomais.ao\/index.php\/wp-json\/wp\/v2\/posts\/1182\/revisions"}],"predecessor-version":[{"id":1186,"href":"https:\/\/www.radiomais.ao\/index.php\/wp-json\/wp\/v2\/posts\/1182\/revisions\/1186"}],"wp:featuredmedia":[{"embeddable":true,"href":"https:\/\/www.radiomais.ao\/index.php\/wp-json\/wp\/v2\/media\/1183"}],"wp:attachment":[{"href":"https:\/\/www.radiomais.ao\/index.php\/wp-json\/wp\/v2\/media?parent=1182"}],"wp:term":[{"taxonomy":"category","embeddable":true,"href":"https:\/\/www.radiomais.ao\/index.php\/wp-json\/wp\/v2\/categories?post=1182"},{"taxonomy":"post_tag","embeddable":true,"href":"https:\/\/www.radiomais.ao\/index.php\/wp-json\/wp\/v2\/tags?post=1182"}],"curies":[{"name":"wp","href":"https:\/\/api.w.org\/{rel}","templated":true}]}}