{"id":1194,"date":"2025-08-11T10:02:27","date_gmt":"2025-08-11T09:02:27","guid":{"rendered":"https:\/\/www.radiomais.ao\/?p=1194"},"modified":"2025-08-11T10:02:27","modified_gmt":"2025-08-11T09:02:27","slug":"unita-reforca-chamado-a-mudanca-nas-comemoracoes-dos-91-anos-de-jonas-savimbi","status":"publish","type":"post","link":"https:\/\/www.radiomais.ao\/index.php\/2025\/08\/11\/unita-reforca-chamado-a-mudanca-nas-comemoracoes-dos-91-anos-de-jonas-savimbi\/","title":{"rendered":"UNITA refor\u00e7a chamado \u00e0 mudan\u00e7a nas comemora\u00e7\u00f5es dos 91 anos de Jonas Savimbi"},"content":{"rendered":"\n<p>O presidente da UNITA, Adalberto Costa J\u00fanior, afirmou no \u00faltimo s\u00e1bado, 9, que o partido encontra-se \u201cna pole position\u201d com vista a vencer as elei\u00e7\u00f5es gerais de 2027 e governar o pa\u00eds, tendo alertado que \u201co tempo corre muito rapidamente\u201d e que a prepara\u00e7\u00e3o para esta disputa eleitoral deve come\u00e7ar j\u00e1. Fonte <strong><em><a href=\"https:\/\/www.opais.ao\/politica\/unita-reforca-chamado-a-mudanca-nas-comemoracoes-dos-91-anos-de-jonas-savimbi\/\">Opa\u00eds<\/a><\/em><\/strong><\/p>\n","protected":false},"excerpt":{"rendered":"<p>O presidente da UNITA, Adalberto Costa J\u00fanior, afirmou no \u00faltimo s\u00e1bado, 9, que o partido encontra-se \u201cna pole position\u201d com vista a vencer as elei\u00e7\u00f5es gerais de 2027 e governar o pa\u00eds, tendo alertado que \u201co tempo corre muito rapidamente\u201d e que a prepara\u00e7\u00e3o para esta disputa eleitoral deve come\u00e7ar j\u00e1. Fonte Opa\u00eds<\/p>\n","protected":false},"author":3,"featured_media":1195,"comment_status":"open","ping_status":"open","sticky":false,"template":"","format":"standard","meta":{"footnotes":""},"categories":[16],"tags":[100],"class_list":["post-1194","post","type-post","status-publish","format-standard","has-post-thumbnail","hentry","category-actualidade","tag-unita-reforca-chamado-a-mudanca"],"blocksy_meta":[],"_links":{"self":[{"href":"https:\/\/www.radiomais.ao\/index.php\/wp-json\/wp\/v2\/posts\/1194","targetHints":{"allow":["GET"]}}],"collection":[{"href":"https:\/\/www.radiomais.ao\/index.php\/wp-json\/wp\/v2\/posts"}],"about":[{"href":"https:\/\/www.radiomais.ao\/index.php\/wp-json\/wp\/v2\/types\/post"}],"author":[{"embeddable":true,"href":"https:\/\/www.radiomais.ao\/index.php\/wp-json\/wp\/v2\/users\/3"}],"replies":[{"embeddable":true,"href":"https:\/\/www.radiomais.ao\/index.php\/wp-json\/wp\/v2\/comments?post=1194"}],"version-history":[{"count":1,"href":"https:\/\/www.radiomais.ao\/index.php\/wp-json\/wp\/v2\/posts\/1194\/revisions"}],"predecessor-version":[{"id":1196,"href":"https:\/\/www.radiomais.ao\/index.php\/wp-json\/wp\/v2\/posts\/1194\/revisions\/1196"}],"wp:featuredmedia":[{"embeddable":true,"href":"https:\/\/www.radiomais.ao\/index.php\/wp-json\/wp\/v2\/media\/1195"}],"wp:attachment":[{"href":"https:\/\/www.radiomais.ao\/index.php\/wp-json\/wp\/v2\/media?parent=1194"}],"wp:term":[{"taxonomy":"category","embeddable":true,"href":"https:\/\/www.radiomais.ao\/index.php\/wp-json\/wp\/v2\/categories?post=1194"},{"taxonomy":"post_tag","embeddable":true,"href":"https:\/\/www.radiomais.ao\/index.php\/wp-json\/wp\/v2\/tags?post=1194"}],"curies":[{"name":"wp","href":"https:\/\/api.w.org\/{rel}","templated":true}]}}