{"id":1211,"date":"2025-08-12T10:50:12","date_gmt":"2025-08-12T09:50:12","guid":{"rendered":"https:\/\/www.radiomais.ao\/?p=1211"},"modified":"2025-08-12T10:50:12","modified_gmt":"2025-08-12T09:50:12","slug":"angola-abre-festa-da-bola-ao-cesto-diante-da-libia","status":"publish","type":"post","link":"https:\/\/www.radiomais.ao\/index.php\/2025\/08\/12\/angola-abre-festa-da-bola-ao-cesto-diante-da-libia\/","title":{"rendered":"Angola abre festa da bola ao cesto diante da L\u00edbia."},"content":{"rendered":"\n<p>Angola, enquanto pa\u00eds anfitri\u00e3o, come\u00e7a hoje o Afrobasket 2025 diante da L\u00edbia, no grupo C, no Pavilh\u00e3o do Kilamba, em Luanda, \u00e0s 19:00. Fonte <strong><em><a href=\"https:\/\/www.opais.ao\/desporto\/angola-abre-festa-da-bola-ao-cesto-diante-da-libia\/\">Opa\u00eds<\/a><\/em><\/strong><\/p>\n","protected":false},"excerpt":{"rendered":"<p>Angola, enquanto pa\u00eds anfitri\u00e3o, come\u00e7a hoje o Afrobasket 2025 diante da L\u00edbia, no grupo C, no Pavilh\u00e3o do Kilamba, em Luanda, \u00e0s 19:00. Fonte Opa\u00eds<\/p>\n","protected":false},"author":3,"featured_media":1212,"comment_status":"open","ping_status":"open","sticky":false,"template":"","format":"standard","meta":{"footnotes":""},"categories":[16],"tags":[108,75,107],"class_list":["post-1211","post","type-post","status-publish","format-standard","has-post-thumbnail","hentry","category-actualidade","tag-afrobasket","tag-angola","tag-desporto"],"blocksy_meta":[],"_links":{"self":[{"href":"https:\/\/www.radiomais.ao\/index.php\/wp-json\/wp\/v2\/posts\/1211","targetHints":{"allow":["GET"]}}],"collection":[{"href":"https:\/\/www.radiomais.ao\/index.php\/wp-json\/wp\/v2\/posts"}],"about":[{"href":"https:\/\/www.radiomais.ao\/index.php\/wp-json\/wp\/v2\/types\/post"}],"author":[{"embeddable":true,"href":"https:\/\/www.radiomais.ao\/index.php\/wp-json\/wp\/v2\/users\/3"}],"replies":[{"embeddable":true,"href":"https:\/\/www.radiomais.ao\/index.php\/wp-json\/wp\/v2\/comments?post=1211"}],"version-history":[{"count":1,"href":"https:\/\/www.radiomais.ao\/index.php\/wp-json\/wp\/v2\/posts\/1211\/revisions"}],"predecessor-version":[{"id":1213,"href":"https:\/\/www.radiomais.ao\/index.php\/wp-json\/wp\/v2\/posts\/1211\/revisions\/1213"}],"wp:featuredmedia":[{"embeddable":true,"href":"https:\/\/www.radiomais.ao\/index.php\/wp-json\/wp\/v2\/media\/1212"}],"wp:attachment":[{"href":"https:\/\/www.radiomais.ao\/index.php\/wp-json\/wp\/v2\/media?parent=1211"}],"wp:term":[{"taxonomy":"category","embeddable":true,"href":"https:\/\/www.radiomais.ao\/index.php\/wp-json\/wp\/v2\/categories?post=1211"},{"taxonomy":"post_tag","embeddable":true,"href":"https:\/\/www.radiomais.ao\/index.php\/wp-json\/wp\/v2\/tags?post=1211"}],"curies":[{"name":"wp","href":"https:\/\/api.w.org\/{rel}","templated":true}]}}