{"id":1214,"date":"2025-08-12T11:01:25","date_gmt":"2025-08-12T10:01:25","guid":{"rendered":"https:\/\/www.radiomais.ao\/?p=1214"},"modified":"2025-08-12T11:01:25","modified_gmt":"2025-08-12T10:01:25","slug":"pacote-legislativo-eleitoral-pronto-para-votacao-final-global-quarta-feira","status":"publish","type":"post","link":"https:\/\/www.radiomais.ao\/index.php\/2025\/08\/12\/pacote-legislativo-eleitoral-pronto-para-votacao-final-global-quarta-feira\/","title":{"rendered":"Pacote Legislativo Eleitoral pronto para vota\u00e7\u00e3o final global quarta-feira."},"content":{"rendered":"\n<p><strong>As Comiss\u00f5es de Trabalho Especializadas da Assembleia Nacional conclu\u00edram, ontem, segunda-feira, 11, a aprecia\u00e7\u00e3o e vota\u00e7\u00e3o dos Relat\u00f3rios Pareceres Conjuntos<\/strong>. Fonte <strong><em><a href=\"https:\/\/www.opais.ao\/politica\/pacote-legislativo-eleitoral-pronto-para-votacao-final-global-quarta-feira\/\">Opa\u00eds<\/a><\/em><\/strong><\/p>\n","protected":false},"excerpt":{"rendered":"<p>As Comiss\u00f5es de Trabalho Especializadas da Assembleia Nacional conclu\u00edram, ontem, segunda-feira, 11, a aprecia\u00e7\u00e3o e vota\u00e7\u00e3o dos Relat\u00f3rios Pareceres Conjuntos. Fonte Opa\u00eds<\/p>\n","protected":false},"author":3,"featured_media":1215,"comment_status":"open","ping_status":"open","sticky":false,"template":"","format":"standard","meta":{"footnotes":""},"categories":[16],"tags":[109,110],"class_list":["post-1214","post","type-post","status-publish","format-standard","has-post-thumbnail","hentry","category-actualidade","tag-pacote-legislativo","tag-votacao"],"blocksy_meta":[],"_links":{"self":[{"href":"https:\/\/www.radiomais.ao\/index.php\/wp-json\/wp\/v2\/posts\/1214","targetHints":{"allow":["GET"]}}],"collection":[{"href":"https:\/\/www.radiomais.ao\/index.php\/wp-json\/wp\/v2\/posts"}],"about":[{"href":"https:\/\/www.radiomais.ao\/index.php\/wp-json\/wp\/v2\/types\/post"}],"author":[{"embeddable":true,"href":"https:\/\/www.radiomais.ao\/index.php\/wp-json\/wp\/v2\/users\/3"}],"replies":[{"embeddable":true,"href":"https:\/\/www.radiomais.ao\/index.php\/wp-json\/wp\/v2\/comments?post=1214"}],"version-history":[{"count":1,"href":"https:\/\/www.radiomais.ao\/index.php\/wp-json\/wp\/v2\/posts\/1214\/revisions"}],"predecessor-version":[{"id":1216,"href":"https:\/\/www.radiomais.ao\/index.php\/wp-json\/wp\/v2\/posts\/1214\/revisions\/1216"}],"wp:featuredmedia":[{"embeddable":true,"href":"https:\/\/www.radiomais.ao\/index.php\/wp-json\/wp\/v2\/media\/1215"}],"wp:attachment":[{"href":"https:\/\/www.radiomais.ao\/index.php\/wp-json\/wp\/v2\/media?parent=1214"}],"wp:term":[{"taxonomy":"category","embeddable":true,"href":"https:\/\/www.radiomais.ao\/index.php\/wp-json\/wp\/v2\/categories?post=1214"},{"taxonomy":"post_tag","embeddable":true,"href":"https:\/\/www.radiomais.ao\/index.php\/wp-json\/wp\/v2\/tags?post=1214"}],"curies":[{"name":"wp","href":"https:\/\/api.w.org\/{rel}","templated":true}]}}