{"id":1228,"date":"2025-08-12T12:03:22","date_gmt":"2025-08-12T11:03:22","guid":{"rendered":"https:\/\/www.radiomais.ao\/?p=1228"},"modified":"2025-08-12T12:05:24","modified_gmt":"2025-08-12T11:05:24","slug":"presidente-da-republica-fiscaliza-hospitais-de-referencia-em-luanda","status":"publish","type":"post","link":"https:\/\/www.radiomais.ao\/index.php\/2025\/08\/12\/presidente-da-republica-fiscaliza-hospitais-de-referencia-em-luanda\/","title":{"rendered":"Presidente da Rep\u00fablica, fiscaliza hospitais de refer\u00eancia em Luanda."},"content":{"rendered":"\n<p>O Presidente da Rep\u00fablica, Jo\u00e3o Louren\u00e7o, constata hoje o n\u00edvel de execu\u00e7\u00e3o das obras dos hospitais dos Queimados, no Kilamba, e Pedal\u00e9, na Gamek, com o objetivo de avaliar o andamento das constru\u00e7\u00f5es em curso nas referidas unidades de sa\u00fade.<\/p>\n\n\n\n<p><\/p>\n","protected":false},"excerpt":{"rendered":"<p>O Presidente da Rep\u00fablica, Jo\u00e3o Louren\u00e7o, constata hoje o n\u00edvel de execu\u00e7\u00e3o das obras dos hospitais dos Queimados, no Kilamba, e Pedal\u00e9, na Gamek, com o objetivo de avaliar o andamento das constru\u00e7\u00f5es em curso nas referidas unidades de sa\u00fade.<\/p>\n","protected":false},"author":3,"featured_media":1229,"comment_status":"open","ping_status":"open","sticky":false,"template":"","format":"standard","meta":{"footnotes":""},"categories":[16],"tags":[118,117,87,116,115],"class_list":["post-1228","post","type-post","status-publish","format-standard","has-post-thumbnail","hentry","category-actualidade","tag-constatacao","tag-hospitais","tag-luanda","tag-obras","tag-presidente-da-republica"],"blocksy_meta":[],"_links":{"self":[{"href":"https:\/\/www.radiomais.ao\/index.php\/wp-json\/wp\/v2\/posts\/1228","targetHints":{"allow":["GET"]}}],"collection":[{"href":"https:\/\/www.radiomais.ao\/index.php\/wp-json\/wp\/v2\/posts"}],"about":[{"href":"https:\/\/www.radiomais.ao\/index.php\/wp-json\/wp\/v2\/types\/post"}],"author":[{"embeddable":true,"href":"https:\/\/www.radiomais.ao\/index.php\/wp-json\/wp\/v2\/users\/3"}],"replies":[{"embeddable":true,"href":"https:\/\/www.radiomais.ao\/index.php\/wp-json\/wp\/v2\/comments?post=1228"}],"version-history":[{"count":3,"href":"https:\/\/www.radiomais.ao\/index.php\/wp-json\/wp\/v2\/posts\/1228\/revisions"}],"predecessor-version":[{"id":1245,"href":"https:\/\/www.radiomais.ao\/index.php\/wp-json\/wp\/v2\/posts\/1228\/revisions\/1245"}],"wp:featuredmedia":[{"embeddable":true,"href":"https:\/\/www.radiomais.ao\/index.php\/wp-json\/wp\/v2\/media\/1229"}],"wp:attachment":[{"href":"https:\/\/www.radiomais.ao\/index.php\/wp-json\/wp\/v2\/media?parent=1228"}],"wp:term":[{"taxonomy":"category","embeddable":true,"href":"https:\/\/www.radiomais.ao\/index.php\/wp-json\/wp\/v2\/categories?post=1228"},{"taxonomy":"post_tag","embeddable":true,"href":"https:\/\/www.radiomais.ao\/index.php\/wp-json\/wp\/v2\/tags?post=1228"}],"curies":[{"name":"wp","href":"https:\/\/api.w.org\/{rel}","templated":true}]}}