{"id":1232,"date":"2025-08-12T12:12:42","date_gmt":"2025-08-12T11:12:42","guid":{"rendered":"https:\/\/www.radiomais.ao\/?p=1232"},"modified":"2025-08-12T12:12:42","modified_gmt":"2025-08-12T11:12:42","slug":"sic-detem-suspeitos-de-homicidios-e-lider-de-cooperativa-de-taxis","status":"publish","type":"post","link":"https:\/\/www.radiomais.ao\/index.php\/2025\/08\/12\/sic-detem-suspeitos-de-homicidios-e-lider-de-cooperativa-de-taxis\/","title":{"rendered":"Sic det\u00e9m suspeitos de homic\u00eddios e l\u00edder de cooperativa de T\u00e1xis."},"content":{"rendered":"\n<p>O Servi\u00e7o de Investiga\u00e7\u00e3o Criminal anunciou , a deten\u00e7\u00e3o de mais 3 l\u00edderes das associa\u00e7\u00e3o de taxista de Angola, acusados por associa\u00e7\u00e3o criminosa, incita\u00e7\u00e3o \u00e0 viol\u00eancia, atentado contra a seguran\u00e7a nos transportes e terrorismo, consubstanciado em fortes ind\u00edcios do seu envolvimento na promo\u00e7\u00e3o dos atos de vandalismo e arrua\u00e7a contra bens e servi\u00e7os p\u00fablicos e privados.<\/p>\n","protected":false},"excerpt":{"rendered":"<p>O Servi\u00e7o de Investiga\u00e7\u00e3o Criminal anunciou , a deten\u00e7\u00e3o de mais 3 l\u00edderes das associa\u00e7\u00e3o de taxista de Angola, acusados por associa\u00e7\u00e3o criminosa, incita\u00e7\u00e3o \u00e0 viol\u00eancia, atentado contra a seguran\u00e7a nos transportes e terrorismo, consubstanciado em fortes ind\u00edcios do seu envolvimento na promo\u00e7\u00e3o dos atos de vandalismo e arrua\u00e7a contra bens e servi\u00e7os p\u00fablicos e [&hellip;]<\/p>\n","protected":false},"author":3,"featured_media":1233,"comment_status":"open","ping_status":"open","sticky":false,"template":"","format":"standard","meta":{"footnotes":""},"categories":[16],"tags":[123,121,122,119,120,124],"class_list":["post-1232","post","type-post","status-publish","format-standard","has-post-thumbnail","hentry","category-actualidade","tag-cooperativas","tag-homicidios","tag-lider","tag-sic","tag-suspeitos","tag-taxis"],"blocksy_meta":[],"_links":{"self":[{"href":"https:\/\/www.radiomais.ao\/index.php\/wp-json\/wp\/v2\/posts\/1232","targetHints":{"allow":["GET"]}}],"collection":[{"href":"https:\/\/www.radiomais.ao\/index.php\/wp-json\/wp\/v2\/posts"}],"about":[{"href":"https:\/\/www.radiomais.ao\/index.php\/wp-json\/wp\/v2\/types\/post"}],"author":[{"embeddable":true,"href":"https:\/\/www.radiomais.ao\/index.php\/wp-json\/wp\/v2\/users\/3"}],"replies":[{"embeddable":true,"href":"https:\/\/www.radiomais.ao\/index.php\/wp-json\/wp\/v2\/comments?post=1232"}],"version-history":[{"count":1,"href":"https:\/\/www.radiomais.ao\/index.php\/wp-json\/wp\/v2\/posts\/1232\/revisions"}],"predecessor-version":[{"id":1234,"href":"https:\/\/www.radiomais.ao\/index.php\/wp-json\/wp\/v2\/posts\/1232\/revisions\/1234"}],"wp:featuredmedia":[{"embeddable":true,"href":"https:\/\/www.radiomais.ao\/index.php\/wp-json\/wp\/v2\/media\/1233"}],"wp:attachment":[{"href":"https:\/\/www.radiomais.ao\/index.php\/wp-json\/wp\/v2\/media?parent=1232"}],"wp:term":[{"taxonomy":"category","embeddable":true,"href":"https:\/\/www.radiomais.ao\/index.php\/wp-json\/wp\/v2\/categories?post=1232"},{"taxonomy":"post_tag","embeddable":true,"href":"https:\/\/www.radiomais.ao\/index.php\/wp-json\/wp\/v2\/tags?post=1232"}],"curies":[{"name":"wp","href":"https:\/\/api.w.org\/{rel}","templated":true}]}}