{"id":1235,"date":"2025-08-12T12:53:41","date_gmt":"2025-08-12T11:53:41","guid":{"rendered":"https:\/\/www.radiomais.ao\/?p=1235"},"modified":"2025-08-13T12:07:39","modified_gmt":"2025-08-13T11:07:39","slug":"o-pais-conta-desde-hoje-com-o-observatorio-nacional-do-emprego","status":"publish","type":"post","link":"https:\/\/www.radiomais.ao\/index.php\/2025\/08\/12\/o-pais-conta-desde-hoje-com-o-observatorio-nacional-do-emprego\/","title":{"rendered":"O Pa\u00eds conta desde hoje com o Observat\u00f3rio Nacional do Emprego."},"content":{"rendered":"\n<p>Lan\u00e7ado esta manh\u00e3 em Luanda, pela Minist\u00e9rio da Administra\u00e7\u00e3o P\u00fablica, Trabalho e Seguran\u00e7a Social, Teresa Dias.<\/p>\n\n\n\n<p>O projecto denominado ONE visa fortalecer a monitoriza\u00e7\u00e3o do mercado de emprego formal e informal, al\u00e9m de diagnosticar a cria\u00e7\u00e3o de empregos por zonas espec\u00edficas e a distribui\u00e7\u00e3o por g\u00eanero.<\/p>\n\n\n\n<p>De acordo com a Ministra Teresa Dias, este projecto representa o compromisso do Governo na promo\u00e7\u00e3o de empregos dignos em Angola.<\/p>\n\n\n\n<figure class=\"wp-block-embed is-type-rich is-provider-soundcloud wp-block-embed-soundcloud\"><div class=\"wp-block-embed__wrapper\">\n<iframe title=\"Governo apresenta observat\u00f3rio nacional de emprego by RadioMais\" width=\"1290\" height=\"400\" scrolling=\"no\" frameborder=\"no\" src=\"https:\/\/w.soundcloud.com\/player\/?visual=true&#038;url=https%3A%2F%2Fapi.soundcloud.com%2Ftracks%2F2152428474&#038;show_artwork=true&#038;maxheight=1000&#038;maxwidth=1290\"><\/iframe>\n<\/div><\/figure>\n","protected":false},"excerpt":{"rendered":"<p>Lan\u00e7ado esta manh\u00e3 em Luanda, pela Minist\u00e9rio da Administra\u00e7\u00e3o P\u00fablica, Trabalho e Seguran\u00e7a Social, Teresa Dias. O projecto denominado ONE visa fortalecer a monitoriza\u00e7\u00e3o do mercado de emprego formal e informal, al\u00e9m de diagnosticar a cria\u00e7\u00e3o de empregos por zonas espec\u00edficas e a distribui\u00e7\u00e3o por g\u00eanero. De acordo com a Ministra Teresa Dias, este projecto [&hellip;]<\/p>\n","protected":false},"author":3,"featured_media":1236,"comment_status":"open","ping_status":"open","sticky":false,"template":"","format":"standard","meta":{"footnotes":""},"categories":[16],"tags":[125],"class_list":["post-1235","post","type-post","status-publish","format-standard","has-post-thumbnail","hentry","category-actualidade","tag-observatorio-nacional-de-emprego"],"blocksy_meta":[],"_links":{"self":[{"href":"https:\/\/www.radiomais.ao\/index.php\/wp-json\/wp\/v2\/posts\/1235","targetHints":{"allow":["GET"]}}],"collection":[{"href":"https:\/\/www.radiomais.ao\/index.php\/wp-json\/wp\/v2\/posts"}],"about":[{"href":"https:\/\/www.radiomais.ao\/index.php\/wp-json\/wp\/v2\/types\/post"}],"author":[{"embeddable":true,"href":"https:\/\/www.radiomais.ao\/index.php\/wp-json\/wp\/v2\/users\/3"}],"replies":[{"embeddable":true,"href":"https:\/\/www.radiomais.ao\/index.php\/wp-json\/wp\/v2\/comments?post=1235"}],"version-history":[{"count":7,"href":"https:\/\/www.radiomais.ao\/index.php\/wp-json\/wp\/v2\/posts\/1235\/revisions"}],"predecessor-version":[{"id":1290,"href":"https:\/\/www.radiomais.ao\/index.php\/wp-json\/wp\/v2\/posts\/1235\/revisions\/1290"}],"wp:featuredmedia":[{"embeddable":true,"href":"https:\/\/www.radiomais.ao\/index.php\/wp-json\/wp\/v2\/media\/1236"}],"wp:attachment":[{"href":"https:\/\/www.radiomais.ao\/index.php\/wp-json\/wp\/v2\/media?parent=1235"}],"wp:term":[{"taxonomy":"category","embeddable":true,"href":"https:\/\/www.radiomais.ao\/index.php\/wp-json\/wp\/v2\/categories?post=1235"},{"taxonomy":"post_tag","embeddable":true,"href":"https:\/\/www.radiomais.ao\/index.php\/wp-json\/wp\/v2\/tags?post=1235"}],"curies":[{"name":"wp","href":"https:\/\/api.w.org\/{rel}","templated":true}]}}