{"id":1239,"date":"2025-08-12T13:04:43","date_gmt":"2025-08-12T12:04:43","guid":{"rendered":"https:\/\/www.radiomais.ao\/?p=1239"},"modified":"2025-08-12T13:04:43","modified_gmt":"2025-08-12T12:04:43","slug":"ruanda-rejeita-acusacoes-da-onu-de-envolvimento-em-massacre-de-civis-no-congo","status":"publish","type":"post","link":"https:\/\/www.radiomais.ao\/index.php\/2025\/08\/12\/ruanda-rejeita-acusacoes-da-onu-de-envolvimento-em-massacre-de-civis-no-congo\/","title":{"rendered":"Ruanda rejeita acusa\u00e7\u00f5es da ONU de envolvimento em massacre de civis no Congo."},"content":{"rendered":"\n<p>O Ruanda classificou como &#8220;falsas&#8221; as acusa\u00e7\u00f5es da ONU de que as suas for\u00e7as participaram ao lado de rebeldes na morte de v\u00e1rias centenas de civis no leste do Congo.<\/p>\n\n\n\n<p>Citando relatos em primeira m\u00e3o, o escrit\u00f3rio do Alto Comissariado para os Direitos Humanos disse que os rebeldes do M23 mataram pelo menos 319 civis em uma s\u00e9rie de ataques a quatro aldeias na prov\u00edncia de Kivu do Norte em julho.<\/p>\n\n\n\n<p>Ele disse que os assassinatos ocorreram em fazendas no territ\u00f3rio de Rutshuru entre 9 e 21 de julho.<\/p>\n\n\n\n<p>A ag\u00eancia disse que os rebeldes foram auxiliados por for\u00e7as ruandesas.<\/p>\n","protected":false},"excerpt":{"rendered":"<p>O Ruanda classificou como &#8220;falsas&#8221; as acusa\u00e7\u00f5es da ONU de que as suas for\u00e7as participaram ao lado de rebeldes na morte de v\u00e1rias centenas de civis no leste do Congo. Citando relatos em primeira m\u00e3o, o escrit\u00f3rio do Alto Comissariado para os Direitos Humanos disse que os rebeldes do M23 mataram pelo menos 319 civis [&hellip;]<\/p>\n","protected":false},"author":3,"featured_media":1240,"comment_status":"open","ping_status":"open","sticky":false,"template":"","format":"standard","meta":{"footnotes":""},"categories":[16],"tags":[129,128,127,126],"class_list":["post-1239","post","type-post","status-publish","format-standard","has-post-thumbnail","hentry","category-actualidade","tag-congo","tag-massacre","tag-rejeita-acusacoes","tag-ruanda"],"blocksy_meta":[],"_links":{"self":[{"href":"https:\/\/www.radiomais.ao\/index.php\/wp-json\/wp\/v2\/posts\/1239","targetHints":{"allow":["GET"]}}],"collection":[{"href":"https:\/\/www.radiomais.ao\/index.php\/wp-json\/wp\/v2\/posts"}],"about":[{"href":"https:\/\/www.radiomais.ao\/index.php\/wp-json\/wp\/v2\/types\/post"}],"author":[{"embeddable":true,"href":"https:\/\/www.radiomais.ao\/index.php\/wp-json\/wp\/v2\/users\/3"}],"replies":[{"embeddable":true,"href":"https:\/\/www.radiomais.ao\/index.php\/wp-json\/wp\/v2\/comments?post=1239"}],"version-history":[{"count":1,"href":"https:\/\/www.radiomais.ao\/index.php\/wp-json\/wp\/v2\/posts\/1239\/revisions"}],"predecessor-version":[{"id":1241,"href":"https:\/\/www.radiomais.ao\/index.php\/wp-json\/wp\/v2\/posts\/1239\/revisions\/1241"}],"wp:featuredmedia":[{"embeddable":true,"href":"https:\/\/www.radiomais.ao\/index.php\/wp-json\/wp\/v2\/media\/1240"}],"wp:attachment":[{"href":"https:\/\/www.radiomais.ao\/index.php\/wp-json\/wp\/v2\/media?parent=1239"}],"wp:term":[{"taxonomy":"category","embeddable":true,"href":"https:\/\/www.radiomais.ao\/index.php\/wp-json\/wp\/v2\/categories?post=1239"},{"taxonomy":"post_tag","embeddable":true,"href":"https:\/\/www.radiomais.ao\/index.php\/wp-json\/wp\/v2\/tags?post=1239"}],"curies":[{"name":"wp","href":"https:\/\/api.w.org\/{rel}","templated":true}]}}