{"id":1269,"date":"2025-08-13T11:14:54","date_gmt":"2025-08-13T10:14:54","guid":{"rendered":"https:\/\/www.radiomais.ao\/?p=1269"},"modified":"2025-08-13T11:14:54","modified_gmt":"2025-08-13T10:14:54","slug":"cabinda-regista-reducao-de-49-acidentes-rodoviarios-no-primeiro-semestre-de-2025","status":"publish","type":"post","link":"https:\/\/www.radiomais.ao\/index.php\/2025\/08\/13\/cabinda-regista-reducao-de-49-acidentes-rodoviarios-no-primeiro-semestre-de-2025\/","title":{"rendered":"Cabinda regista redu\u00e7\u00e3o de 49 acidentes rodovi\u00e1rios no primeiro semestre de 2025\u200e."},"content":{"rendered":"\n<p>O porta-voz do comando provincial da Pol\u00edcia Nacional em Cabinda, intendente Marcos Coxito, anunciou, nesta ter\u00e7a-feira, 12, que a regi\u00e3o registou, de janeiro a junho do ano corrente, 285 casos de acidentes de via\u00e7\u00e3o, verificando-se uma redu\u00e7\u00e3o de 49 ocorr\u00eancias, sendo que no per\u00edodo hom\u00f3logo de 2024 foram registados 236 casos. Fonte<strong><em><a href=\"https:\/\/www.opais.ao\/sociedade\/cabinda-regista-reducao-de-49-acidentes-rodoviarios-no-primeiro-semestre-de-2025\/\"> Opa\u00eds<\/a><\/em><\/strong><\/p>\n","protected":false},"excerpt":{"rendered":"<p>O porta-voz do comando provincial da Pol\u00edcia Nacional em Cabinda, intendente Marcos Coxito, anunciou, nesta ter\u00e7a-feira, 12, que a regi\u00e3o registou, de janeiro a junho do ano corrente, 285 casos de acidentes de via\u00e7\u00e3o, verificando-se uma redu\u00e7\u00e3o de 49 ocorr\u00eancias, sendo que no per\u00edodo hom\u00f3logo de 2024 foram registados 236 casos. Fonte Opa\u00eds<\/p>\n","protected":false},"author":3,"featured_media":1270,"comment_status":"open","ping_status":"open","sticky":false,"template":"","format":"standard","meta":{"footnotes":""},"categories":[16],"tags":[138,137,139],"class_list":["post-1269","post","type-post","status-publish","format-standard","has-post-thumbnail","hentry","category-actualidade","tag-acidentes","tag-cabinda","tag-rodoviarios"],"blocksy_meta":[],"_links":{"self":[{"href":"https:\/\/www.radiomais.ao\/index.php\/wp-json\/wp\/v2\/posts\/1269","targetHints":{"allow":["GET"]}}],"collection":[{"href":"https:\/\/www.radiomais.ao\/index.php\/wp-json\/wp\/v2\/posts"}],"about":[{"href":"https:\/\/www.radiomais.ao\/index.php\/wp-json\/wp\/v2\/types\/post"}],"author":[{"embeddable":true,"href":"https:\/\/www.radiomais.ao\/index.php\/wp-json\/wp\/v2\/users\/3"}],"replies":[{"embeddable":true,"href":"https:\/\/www.radiomais.ao\/index.php\/wp-json\/wp\/v2\/comments?post=1269"}],"version-history":[{"count":1,"href":"https:\/\/www.radiomais.ao\/index.php\/wp-json\/wp\/v2\/posts\/1269\/revisions"}],"predecessor-version":[{"id":1271,"href":"https:\/\/www.radiomais.ao\/index.php\/wp-json\/wp\/v2\/posts\/1269\/revisions\/1271"}],"wp:featuredmedia":[{"embeddable":true,"href":"https:\/\/www.radiomais.ao\/index.php\/wp-json\/wp\/v2\/media\/1270"}],"wp:attachment":[{"href":"https:\/\/www.radiomais.ao\/index.php\/wp-json\/wp\/v2\/media?parent=1269"}],"wp:term":[{"taxonomy":"category","embeddable":true,"href":"https:\/\/www.radiomais.ao\/index.php\/wp-json\/wp\/v2\/categories?post=1269"},{"taxonomy":"post_tag","embeddable":true,"href":"https:\/\/www.radiomais.ao\/index.php\/wp-json\/wp\/v2\/tags?post=1269"}],"curies":[{"name":"wp","href":"https:\/\/api.w.org\/{rel}","templated":true}]}}