{"id":1272,"date":"2025-08-13T11:19:40","date_gmt":"2025-08-13T10:19:40","guid":{"rendered":"https:\/\/www.radiomais.ao\/?p=1272"},"modified":"2025-08-13T11:19:40","modified_gmt":"2025-08-13T10:19:40","slug":"aapcil-anuncia-abertura-de-nova-zona-industrial-na-huila","status":"publish","type":"post","link":"https:\/\/www.radiomais.ao\/index.php\/2025\/08\/13\/aapcil-anuncia-abertura-de-nova-zona-industrial-na-huila\/","title":{"rendered":"AAPCIL anuncia abertura de nova Zona Industrial na Hu\u00edla."},"content":{"rendered":"\n<p>Paulo Gaspar revelou que a prov\u00edncia da Hu\u00edla tem sido escolhida pelos investidores nacionais e estrangeiros para a realiza\u00e7\u00e3o dos seus investimentos, no entanto, o excesso de burocracia na aquisi\u00e7\u00e3o de terrenos tem sido a principal barreira para a concretiza\u00e7\u00e3o dos seus objectivos nesta parcela do pa\u00eds. Fonte <strong><em><a href=\"https:\/\/www.opais.ao\/economia\/aapcil-anuncia-abertura-de-nova-zona-industrial-na-huila\/\">Opa\u00eds<\/a><\/em><\/strong><\/p>\n","protected":false},"excerpt":{"rendered":"<p>Paulo Gaspar revelou que a prov\u00edncia da Hu\u00edla tem sido escolhida pelos investidores nacionais e estrangeiros para a realiza\u00e7\u00e3o dos seus investimentos, no entanto, o excesso de burocracia na aquisi\u00e7\u00e3o de terrenos tem sido a principal barreira para a concretiza\u00e7\u00e3o dos seus objectivos nesta parcela do pa\u00eds. Fonte Opa\u00eds<\/p>\n","protected":false},"author":3,"featured_media":1273,"comment_status":"open","ping_status":"open","sticky":false,"template":"","format":"standard","meta":{"footnotes":""},"categories":[16],"tags":[140,142,141],"class_list":["post-1272","post","type-post","status-publish","format-standard","has-post-thumbnail","hentry","category-actualidade","tag-aapcil","tag-huila","tag-zona-industrial"],"blocksy_meta":[],"_links":{"self":[{"href":"https:\/\/www.radiomais.ao\/index.php\/wp-json\/wp\/v2\/posts\/1272","targetHints":{"allow":["GET"]}}],"collection":[{"href":"https:\/\/www.radiomais.ao\/index.php\/wp-json\/wp\/v2\/posts"}],"about":[{"href":"https:\/\/www.radiomais.ao\/index.php\/wp-json\/wp\/v2\/types\/post"}],"author":[{"embeddable":true,"href":"https:\/\/www.radiomais.ao\/index.php\/wp-json\/wp\/v2\/users\/3"}],"replies":[{"embeddable":true,"href":"https:\/\/www.radiomais.ao\/index.php\/wp-json\/wp\/v2\/comments?post=1272"}],"version-history":[{"count":1,"href":"https:\/\/www.radiomais.ao\/index.php\/wp-json\/wp\/v2\/posts\/1272\/revisions"}],"predecessor-version":[{"id":1274,"href":"https:\/\/www.radiomais.ao\/index.php\/wp-json\/wp\/v2\/posts\/1272\/revisions\/1274"}],"wp:featuredmedia":[{"embeddable":true,"href":"https:\/\/www.radiomais.ao\/index.php\/wp-json\/wp\/v2\/media\/1273"}],"wp:attachment":[{"href":"https:\/\/www.radiomais.ao\/index.php\/wp-json\/wp\/v2\/media?parent=1272"}],"wp:term":[{"taxonomy":"category","embeddable":true,"href":"https:\/\/www.radiomais.ao\/index.php\/wp-json\/wp\/v2\/categories?post=1272"},{"taxonomy":"post_tag","embeddable":true,"href":"https:\/\/www.radiomais.ao\/index.php\/wp-json\/wp\/v2\/tags?post=1272"}],"curies":[{"name":"wp","href":"https:\/\/api.w.org\/{rel}","templated":true}]}}