{"id":1291,"date":"2025-08-13T12:15:34","date_gmt":"2025-08-13T11:15:34","guid":{"rendered":"https:\/\/www.radiomais.ao\/?p=1291"},"modified":"2025-08-13T12:15:34","modified_gmt":"2025-08-13T11:15:34","slug":"mirex-acolhe-hoje-a-cimeira-de-chefes-de-estado-da-cao-e-sadc","status":"publish","type":"post","link":"https:\/\/www.radiomais.ao\/index.php\/2025\/08\/13\/mirex-acolhe-hoje-a-cimeira-de-chefes-de-estado-da-cao-e-sadc\/","title":{"rendered":"MIREX acolhe hoje a Cimeira de Chefes de Estado da CAO E SADC."},"content":{"rendered":"\n<p>O encontro a ser realizado no formato virtual ser\u00e1 orientado pelo chefe da diplomacia angolana, T\u00e9te Ant\u00f3nio, que vai representar o Presidente da Rep\u00fablica, Jo\u00e3o Louren\u00e7o. Fonte <strong><em><a href=\"https:\/\/www.opais.ao\/politica\/mirex-acolhe-hoje-a-cimeira-de-chefes-de-estado-da-cao-e-sadc\/\">Opa\u00eds<\/a><\/em><\/strong><\/p>\n","protected":false},"excerpt":{"rendered":"<p>O encontro a ser realizado no formato virtual ser\u00e1 orientado pelo chefe da diplomacia angolana, T\u00e9te Ant\u00f3nio, que vai representar o Presidente da Rep\u00fablica, Jo\u00e3o Louren\u00e7o. Fonte Opa\u00eds<\/p>\n","protected":false},"author":3,"featured_media":1293,"comment_status":"open","ping_status":"open","sticky":false,"template":"","format":"standard","meta":{"footnotes":""},"categories":[16],"tags":[145,144,143],"class_list":["post-1291","post","type-post","status-publish","format-standard","has-post-thumbnail","hentry","category-actualidade","tag-acolhe","tag-cimeira","tag-mirex"],"blocksy_meta":[],"_links":{"self":[{"href":"https:\/\/www.radiomais.ao\/index.php\/wp-json\/wp\/v2\/posts\/1291","targetHints":{"allow":["GET"]}}],"collection":[{"href":"https:\/\/www.radiomais.ao\/index.php\/wp-json\/wp\/v2\/posts"}],"about":[{"href":"https:\/\/www.radiomais.ao\/index.php\/wp-json\/wp\/v2\/types\/post"}],"author":[{"embeddable":true,"href":"https:\/\/www.radiomais.ao\/index.php\/wp-json\/wp\/v2\/users\/3"}],"replies":[{"embeddable":true,"href":"https:\/\/www.radiomais.ao\/index.php\/wp-json\/wp\/v2\/comments?post=1291"}],"version-history":[{"count":1,"href":"https:\/\/www.radiomais.ao\/index.php\/wp-json\/wp\/v2\/posts\/1291\/revisions"}],"predecessor-version":[{"id":1294,"href":"https:\/\/www.radiomais.ao\/index.php\/wp-json\/wp\/v2\/posts\/1291\/revisions\/1294"}],"wp:featuredmedia":[{"embeddable":true,"href":"https:\/\/www.radiomais.ao\/index.php\/wp-json\/wp\/v2\/media\/1293"}],"wp:attachment":[{"href":"https:\/\/www.radiomais.ao\/index.php\/wp-json\/wp\/v2\/media?parent=1291"}],"wp:term":[{"taxonomy":"category","embeddable":true,"href":"https:\/\/www.radiomais.ao\/index.php\/wp-json\/wp\/v2\/categories?post=1291"},{"taxonomy":"post_tag","embeddable":true,"href":"https:\/\/www.radiomais.ao\/index.php\/wp-json\/wp\/v2\/tags?post=1291"}],"curies":[{"name":"wp","href":"https:\/\/api.w.org\/{rel}","templated":true}]}}