{"id":1295,"date":"2025-08-13T12:22:10","date_gmt":"2025-08-13T11:22:10","guid":{"rendered":"https:\/\/www.radiomais.ao\/?p=1295"},"modified":"2025-08-13T12:22:10","modified_gmt":"2025-08-13T11:22:10","slug":"festival-da-cancao-presta-homenagem-a-cidade-de-mbanza-kongo","status":"publish","type":"post","link":"https:\/\/www.radiomais.ao\/index.php\/2025\/08\/13\/festival-da-cancao-presta-homenagem-a-cidade-de-mbanza-kongo\/","title":{"rendered":"Festival da Can\u00e7\u00e3o presta homenagem \u00e0 cidade de M\u2019banza Kongo."},"content":{"rendered":"\n<p>A hist\u00f3rica cidade de M\u2019Banza Kongo, capital do Zaire, vai estar no epicentro da 28.\u00aa edi\u00e7\u00e3o do Festival da Can\u00e7\u00e3o de Luanda, promovido pela emissora Luanda Antena Comercial (LAC), a decorrer a 19 de Setembro pr\u00f3ximo, nas instala\u00e7\u00f5es da emissora radiof\u00f3nica, em Luanda.  Fonte Opa\u00eds<\/p>\n\n\n\n<p><\/p>\n","protected":false},"excerpt":{"rendered":"<p>A hist\u00f3rica cidade de M\u2019Banza Kongo, capital do Zaire, vai estar no epicentro da 28.\u00aa edi\u00e7\u00e3o do Festival da Can\u00e7\u00e3o de Luanda, promovido pela emissora Luanda Antena Comercial (LAC), a decorrer a 19 de Setembro pr\u00f3ximo, nas instala\u00e7\u00f5es da emissora radiof\u00f3nica, em Luanda. Fonte Opa\u00eds<\/p>\n","protected":false},"author":3,"featured_media":1296,"comment_status":"open","ping_status":"open","sticky":false,"template":"","format":"standard","meta":{"footnotes":""},"categories":[16],"tags":[146,147,148],"class_list":["post-1295","post","type-post","status-publish","format-standard","has-post-thumbnail","hentry","category-actualidade","tag-festival-da-cancao","tag-homenagem","tag-mbanza-kongo"],"blocksy_meta":[],"_links":{"self":[{"href":"https:\/\/www.radiomais.ao\/index.php\/wp-json\/wp\/v2\/posts\/1295","targetHints":{"allow":["GET"]}}],"collection":[{"href":"https:\/\/www.radiomais.ao\/index.php\/wp-json\/wp\/v2\/posts"}],"about":[{"href":"https:\/\/www.radiomais.ao\/index.php\/wp-json\/wp\/v2\/types\/post"}],"author":[{"embeddable":true,"href":"https:\/\/www.radiomais.ao\/index.php\/wp-json\/wp\/v2\/users\/3"}],"replies":[{"embeddable":true,"href":"https:\/\/www.radiomais.ao\/index.php\/wp-json\/wp\/v2\/comments?post=1295"}],"version-history":[{"count":1,"href":"https:\/\/www.radiomais.ao\/index.php\/wp-json\/wp\/v2\/posts\/1295\/revisions"}],"predecessor-version":[{"id":1297,"href":"https:\/\/www.radiomais.ao\/index.php\/wp-json\/wp\/v2\/posts\/1295\/revisions\/1297"}],"wp:featuredmedia":[{"embeddable":true,"href":"https:\/\/www.radiomais.ao\/index.php\/wp-json\/wp\/v2\/media\/1296"}],"wp:attachment":[{"href":"https:\/\/www.radiomais.ao\/index.php\/wp-json\/wp\/v2\/media?parent=1295"}],"wp:term":[{"taxonomy":"category","embeddable":true,"href":"https:\/\/www.radiomais.ao\/index.php\/wp-json\/wp\/v2\/categories?post=1295"},{"taxonomy":"post_tag","embeddable":true,"href":"https:\/\/www.radiomais.ao\/index.php\/wp-json\/wp\/v2\/tags?post=1295"}],"curies":[{"name":"wp","href":"https:\/\/api.w.org\/{rel}","templated":true}]}}