{"id":1298,"date":"2025-08-13T12:40:15","date_gmt":"2025-08-13T11:40:15","guid":{"rendered":"https:\/\/www.radiomais.ao\/?p=1298"},"modified":"2025-08-13T15:13:20","modified_gmt":"2025-08-13T14:13:20","slug":"assembleia-nacional-vota-hoje-alteracoes-a-lei-das-eleicoes-cne-e-registo-eleitoral","status":"publish","type":"post","link":"https:\/\/www.radiomais.ao\/index.php\/2025\/08\/13\/assembleia-nacional-vota-hoje-alteracoes-a-lei-das-eleicoes-cne-e-registo-eleitoral\/","title":{"rendered":"Assembleia Nacional vota hoje altera\u00e7\u00f5es \u00e1 Lei das Elei\u00e7\u00f5es ,CNE e Registo Eleitoral."},"content":{"rendered":"\n<p>A Assembleia Nacional realiza esta hoje a vota\u00e7\u00e3o final de tr\u00eas leis estruturantes sobre o processo eleitoral. Em causa est\u00e3o as altera\u00e7\u00f5es \u00e0 Lei Org\u00e2nica das Elei\u00e7\u00f5es Gerais, \u00e0 Lei da Organiza\u00e7\u00e3o e Funcionamento da CNE e \u00e0 Lei do Registo Eleitoral Oficioso.<\/p>\n\n\n\n<p>A sess\u00e3o de hoje no parlaento iniciou com um debate sobre os actos de viol\u00eancia e vandalismo ocorridos no final de julho, a pedido dos grupos parlamentares do MPLA e da UNITA.<\/p>\n\n\n\n<p>No plen\u00e1rio, as interven\u00e7\u00f5es foram marcadas por posi\u00e7\u00f5es firmes e apelos \u00e0 paz.<\/p>\n\n\n\n<figure class=\"wp-block-embed is-type-rich is-provider-soundcloud wp-block-embed-soundcloud\"><div class=\"wp-block-embed__wrapper\">\n<iframe title=\"Assembleia Nacional vota hoje altera\u00e7\u00f5es \u00e1 lei das elei\u00e7\u00f5es CNE e Registo Eleitoral. by RadioMais\" width=\"1290\" height=\"400\" scrolling=\"no\" frameborder=\"no\" src=\"https:\/\/w.soundcloud.com\/player\/?visual=true&#038;url=https%3A%2F%2Fapi.soundcloud.com%2Ftracks%2F2152500342&#038;show_artwork=true&#038;maxheight=1000&#038;maxwidth=1290\"><\/iframe>\n<\/div><\/figure>\n","protected":false},"excerpt":{"rendered":"<p>A Assembleia Nacional realiza esta hoje a vota\u00e7\u00e3o final de tr\u00eas leis estruturantes sobre o processo eleitoral. Em causa est\u00e3o as altera\u00e7\u00f5es \u00e0 Lei Org\u00e2nica das Elei\u00e7\u00f5es Gerais, \u00e0 Lei da Organiza\u00e7\u00e3o e Funcionamento da CNE e \u00e0 Lei do Registo Eleitoral Oficioso. A sess\u00e3o de hoje no parlaento iniciou com um debate sobre os [&hellip;]<\/p>\n","protected":false},"author":3,"featured_media":1299,"comment_status":"open","ping_status":"open","sticky":false,"template":"","format":"standard","meta":{"footnotes":""},"categories":[16],"tags":[149,150],"class_list":["post-1298","post","type-post","status-publish","format-standard","has-post-thumbnail","hentry","category-actualidade","tag-assembleia-nacional-vota-hoje-alteracoes-a-lei-das-eleicoes","tag-cne-e-registo-eleitoral"],"blocksy_meta":[],"_links":{"self":[{"href":"https:\/\/www.radiomais.ao\/index.php\/wp-json\/wp\/v2\/posts\/1298","targetHints":{"allow":["GET"]}}],"collection":[{"href":"https:\/\/www.radiomais.ao\/index.php\/wp-json\/wp\/v2\/posts"}],"about":[{"href":"https:\/\/www.radiomais.ao\/index.php\/wp-json\/wp\/v2\/types\/post"}],"author":[{"embeddable":true,"href":"https:\/\/www.radiomais.ao\/index.php\/wp-json\/wp\/v2\/users\/3"}],"replies":[{"embeddable":true,"href":"https:\/\/www.radiomais.ao\/index.php\/wp-json\/wp\/v2\/comments?post=1298"}],"version-history":[{"count":3,"href":"https:\/\/www.radiomais.ao\/index.php\/wp-json\/wp\/v2\/posts\/1298\/revisions"}],"predecessor-version":[{"id":1321,"href":"https:\/\/www.radiomais.ao\/index.php\/wp-json\/wp\/v2\/posts\/1298\/revisions\/1321"}],"wp:featuredmedia":[{"embeddable":true,"href":"https:\/\/www.radiomais.ao\/index.php\/wp-json\/wp\/v2\/media\/1299"}],"wp:attachment":[{"href":"https:\/\/www.radiomais.ao\/index.php\/wp-json\/wp\/v2\/media?parent=1298"}],"wp:term":[{"taxonomy":"category","embeddable":true,"href":"https:\/\/www.radiomais.ao\/index.php\/wp-json\/wp\/v2\/categories?post=1298"},{"taxonomy":"post_tag","embeddable":true,"href":"https:\/\/www.radiomais.ao\/index.php\/wp-json\/wp\/v2\/tags?post=1298"}],"curies":[{"name":"wp","href":"https:\/\/api.w.org\/{rel}","templated":true}]}}