{"id":1347,"date":"2025-08-14T11:57:34","date_gmt":"2025-08-14T10:57:34","guid":{"rendered":"https:\/\/www.radiomais.ao\/?p=1347"},"modified":"2025-08-14T11:57:34","modified_gmt":"2025-08-14T10:57:34","slug":"presidente-da-republica-trabalha-hoje-na-lunda-norte","status":"publish","type":"post","link":"https:\/\/www.radiomais.ao\/index.php\/2025\/08\/14\/presidente-da-republica-trabalha-hoje-na-lunda-norte\/","title":{"rendered":"Presidente da Rep\u00fablica trabalha hoje na Lunda- Norte."},"content":{"rendered":"\n<p>O Presidente da Rep\u00fablica, Jo\u00e3o Louren\u00e7o, desloca-se hoje, quinta-feira, para a cidade do Dundo, prov\u00edncia da Lunda-Norte, onde ir\u00e1 inaugurar, neste mesmo dia, o Campus da Universidade Lueji a Nkonde. Fonte <strong><em><a href=\"https:\/\/www.opais.ao\/politica\/presidente-da-republica-trabalha-hoje-na-lunda-norte\/\">Opa\u00eds<\/a><\/em><\/strong><\/p>\n","protected":false},"excerpt":{"rendered":"<p>O Presidente da Rep\u00fablica, Jo\u00e3o Louren\u00e7o, desloca-se hoje, quinta-feira, para a cidade do Dundo, prov\u00edncia da Lunda-Norte, onde ir\u00e1 inaugurar, neste mesmo dia, o Campus da Universidade Lueji a Nkonde. Fonte Opa\u00eds<\/p>\n","protected":false},"author":3,"featured_media":1348,"comment_status":"open","ping_status":"open","sticky":false,"template":"","format":"standard","meta":{"footnotes":""},"categories":[16],"tags":[156],"class_list":["post-1347","post","type-post","status-publish","format-standard","has-post-thumbnail","hentry","category-actualidade","tag-pr-trabalha-na-lunda-norte"],"blocksy_meta":[],"_links":{"self":[{"href":"https:\/\/www.radiomais.ao\/index.php\/wp-json\/wp\/v2\/posts\/1347","targetHints":{"allow":["GET"]}}],"collection":[{"href":"https:\/\/www.radiomais.ao\/index.php\/wp-json\/wp\/v2\/posts"}],"about":[{"href":"https:\/\/www.radiomais.ao\/index.php\/wp-json\/wp\/v2\/types\/post"}],"author":[{"embeddable":true,"href":"https:\/\/www.radiomais.ao\/index.php\/wp-json\/wp\/v2\/users\/3"}],"replies":[{"embeddable":true,"href":"https:\/\/www.radiomais.ao\/index.php\/wp-json\/wp\/v2\/comments?post=1347"}],"version-history":[{"count":1,"href":"https:\/\/www.radiomais.ao\/index.php\/wp-json\/wp\/v2\/posts\/1347\/revisions"}],"predecessor-version":[{"id":1349,"href":"https:\/\/www.radiomais.ao\/index.php\/wp-json\/wp\/v2\/posts\/1347\/revisions\/1349"}],"wp:featuredmedia":[{"embeddable":true,"href":"https:\/\/www.radiomais.ao\/index.php\/wp-json\/wp\/v2\/media\/1348"}],"wp:attachment":[{"href":"https:\/\/www.radiomais.ao\/index.php\/wp-json\/wp\/v2\/media?parent=1347"}],"wp:term":[{"taxonomy":"category","embeddable":true,"href":"https:\/\/www.radiomais.ao\/index.php\/wp-json\/wp\/v2\/categories?post=1347"},{"taxonomy":"post_tag","embeddable":true,"href":"https:\/\/www.radiomais.ao\/index.php\/wp-json\/wp\/v2\/tags?post=1347"}],"curies":[{"name":"wp","href":"https:\/\/api.w.org\/{rel}","templated":true}]}}