{"id":1350,"date":"2025-08-14T12:03:38","date_gmt":"2025-08-14T11:03:38","guid":{"rendered":"https:\/\/www.radiomais.ao\/?p=1350"},"modified":"2025-08-14T12:03:38","modified_gmt":"2025-08-14T11:03:38","slug":"mpla-defende-empenho-na-execucao-do-programa-de-combate-a-pobreza","status":"publish","type":"post","link":"https:\/\/www.radiomais.ao\/index.php\/2025\/08\/14\/mpla-defende-empenho-na-execucao-do-programa-de-combate-a-pobreza\/","title":{"rendered":"MPLA defende empenho na execu\u00e7\u00e3o do Programa de Combate \u00e0 Pobreza."},"content":{"rendered":"\n<p><strong>O primeiro secret\u00e1rio do MPLA na prov\u00edncia do Cubango, Jos\u00e9 Martins, apelou, nesta quarta-feira, aos quadros do partido com responsabilidade no Estado e vinculados \u00e0 execu\u00e7\u00e3o do Programa de Combate \u00e0 Pobreza ao trabalho \u00e1rduo para a sua efectiva\u00e7\u00e3o atrav\u00e9s dos projectos de especificidade de cada munic\u00edpio<\/strong>. Fonte <strong><em><a href=\"https:\/\/www.opais.ao\/politica\/mpla-defende-empenho-na-execucao-do-programa-de-combate-a-pobreza\/\">Opa\u00eds<\/a><\/em><\/strong><\/p>\n","protected":false},"excerpt":{"rendered":"<p>O primeiro secret\u00e1rio do MPLA na prov\u00edncia do Cubango, Jos\u00e9 Martins, apelou, nesta quarta-feira, aos quadros do partido com responsabilidade no Estado e vinculados \u00e0 execu\u00e7\u00e3o do Programa de Combate \u00e0 Pobreza ao trabalho \u00e1rduo para a sua efectiva\u00e7\u00e3o atrav\u00e9s dos projectos de especificidade de cada munic\u00edpio. Fonte Opa\u00eds<\/p>\n","protected":false},"author":3,"featured_media":1351,"comment_status":"open","ping_status":"open","sticky":false,"template":"","format":"standard","meta":{"footnotes":""},"categories":[16],"tags":[157,159,158],"class_list":["post-1350","post","type-post","status-publish","format-standard","has-post-thumbnail","hentry","category-actualidade","tag-mpla","tag-pobreza","tag-programa"],"blocksy_meta":[],"_links":{"self":[{"href":"https:\/\/www.radiomais.ao\/index.php\/wp-json\/wp\/v2\/posts\/1350","targetHints":{"allow":["GET"]}}],"collection":[{"href":"https:\/\/www.radiomais.ao\/index.php\/wp-json\/wp\/v2\/posts"}],"about":[{"href":"https:\/\/www.radiomais.ao\/index.php\/wp-json\/wp\/v2\/types\/post"}],"author":[{"embeddable":true,"href":"https:\/\/www.radiomais.ao\/index.php\/wp-json\/wp\/v2\/users\/3"}],"replies":[{"embeddable":true,"href":"https:\/\/www.radiomais.ao\/index.php\/wp-json\/wp\/v2\/comments?post=1350"}],"version-history":[{"count":1,"href":"https:\/\/www.radiomais.ao\/index.php\/wp-json\/wp\/v2\/posts\/1350\/revisions"}],"predecessor-version":[{"id":1352,"href":"https:\/\/www.radiomais.ao\/index.php\/wp-json\/wp\/v2\/posts\/1350\/revisions\/1352"}],"wp:featuredmedia":[{"embeddable":true,"href":"https:\/\/www.radiomais.ao\/index.php\/wp-json\/wp\/v2\/media\/1351"}],"wp:attachment":[{"href":"https:\/\/www.radiomais.ao\/index.php\/wp-json\/wp\/v2\/media?parent=1350"}],"wp:term":[{"taxonomy":"category","embeddable":true,"href":"https:\/\/www.radiomais.ao\/index.php\/wp-json\/wp\/v2\/categories?post=1350"},{"taxonomy":"post_tag","embeddable":true,"href":"https:\/\/www.radiomais.ao\/index.php\/wp-json\/wp\/v2\/tags?post=1350"}],"curies":[{"name":"wp","href":"https:\/\/api.w.org\/{rel}","templated":true}]}}