{"id":1357,"date":"2025-08-14T12:16:02","date_gmt":"2025-08-14T11:16:02","guid":{"rendered":"https:\/\/www.radiomais.ao\/?p=1357"},"modified":"2025-08-14T12:16:02","modified_gmt":"2025-08-14T11:16:02","slug":"luanda-preve-vacinar-mais-de-um-milhao-de-criancas-durante-a-campanha-da-polio","status":"publish","type":"post","link":"https:\/\/www.radiomais.ao\/index.php\/2025\/08\/14\/luanda-preve-vacinar-mais-de-um-milhao-de-criancas-durante-a-campanha-da-polio\/","title":{"rendered":"Luanda prev\u00ea vacinar mais de um milh\u00e3o de crian\u00e7as durante a campanha da p\u00f3lio."},"content":{"rendered":"\n<p><strong>A prov\u00edncia de Luanda prev\u00ea imunizar 1.505.081 crian\u00e7as menores de cinco anos contra a poliomielite, entre os dias 15, 16 e 17 de Agosto, numa opera\u00e7\u00e3o de grande escala que integra a estrat\u00e9gia nacional para travar a circula\u00e7\u00e3o do poliov\u00edrus em Angola. O pa\u00eds registou casos da patologia nas prov\u00edncias de Benguela, Huambo, Bi\u00e9, Cuanza-Norte e Cubango, da\u00ed a necessidade de refor\u00e7o<\/strong>. Fonte <strong><em><a href=\"https:\/\/www.opais.ao\/sociedade\/luanda-preve-vacinar-mais-de-um-milhao-de-criancas-durante-a-campanha-da-polio\/\">Opa\u00eds<\/a><\/em><\/strong><\/p>\n","protected":false},"excerpt":{"rendered":"<p>A prov\u00edncia de Luanda prev\u00ea imunizar 1.505.081 crian\u00e7as menores de cinco anos contra a poliomielite, entre os dias 15, 16 e 17 de Agosto, numa opera\u00e7\u00e3o de grande escala que integra a estrat\u00e9gia nacional para travar a circula\u00e7\u00e3o do poliov\u00edrus em Angola. O pa\u00eds registou casos da patologia nas prov\u00edncias de Benguela, Huambo, Bi\u00e9, Cuanza-Norte [&hellip;]<\/p>\n","protected":false},"author":3,"featured_media":1358,"comment_status":"open","ping_status":"open","sticky":false,"template":"","format":"standard","meta":{"footnotes":""},"categories":[16],"tags":[161,163,162],"class_list":["post-1357","post","type-post","status-publish","format-standard","has-post-thumbnail","hentry","category-actualidade","tag-campanha","tag-poliomielite","tag-vacinacao"],"blocksy_meta":[],"_links":{"self":[{"href":"https:\/\/www.radiomais.ao\/index.php\/wp-json\/wp\/v2\/posts\/1357","targetHints":{"allow":["GET"]}}],"collection":[{"href":"https:\/\/www.radiomais.ao\/index.php\/wp-json\/wp\/v2\/posts"}],"about":[{"href":"https:\/\/www.radiomais.ao\/index.php\/wp-json\/wp\/v2\/types\/post"}],"author":[{"embeddable":true,"href":"https:\/\/www.radiomais.ao\/index.php\/wp-json\/wp\/v2\/users\/3"}],"replies":[{"embeddable":true,"href":"https:\/\/www.radiomais.ao\/index.php\/wp-json\/wp\/v2\/comments?post=1357"}],"version-history":[{"count":1,"href":"https:\/\/www.radiomais.ao\/index.php\/wp-json\/wp\/v2\/posts\/1357\/revisions"}],"predecessor-version":[{"id":1359,"href":"https:\/\/www.radiomais.ao\/index.php\/wp-json\/wp\/v2\/posts\/1357\/revisions\/1359"}],"wp:featuredmedia":[{"embeddable":true,"href":"https:\/\/www.radiomais.ao\/index.php\/wp-json\/wp\/v2\/media\/1358"}],"wp:attachment":[{"href":"https:\/\/www.radiomais.ao\/index.php\/wp-json\/wp\/v2\/media?parent=1357"}],"wp:term":[{"taxonomy":"category","embeddable":true,"href":"https:\/\/www.radiomais.ao\/index.php\/wp-json\/wp\/v2\/categories?post=1357"},{"taxonomy":"post_tag","embeddable":true,"href":"https:\/\/www.radiomais.ao\/index.php\/wp-json\/wp\/v2\/tags?post=1357"}],"curies":[{"name":"wp","href":"https:\/\/api.w.org\/{rel}","templated":true}]}}