{"id":1362,"date":"2025-08-14T12:33:54","date_gmt":"2025-08-14T11:33:54","guid":{"rendered":"https:\/\/www.radiomais.ao\/?p=1362"},"modified":"2025-08-14T12:33:54","modified_gmt":"2025-08-14T11:33:54","slug":"festival-de-banda-desenhada-encerra-hoje-com-exibicao-do-documentario-making-of","status":"publish","type":"post","link":"https:\/\/www.radiomais.ao\/index.php\/2025\/08\/14\/festival-de-banda-desenhada-encerra-hoje-com-exibicao-do-documentario-making-of\/","title":{"rendered":"Festival de Banda Desenhada encerra hoje com exibi\u00e7\u00e3o do document\u00e1rio \u201cMaking Of\u201d."},"content":{"rendered":"\n<p><strong>Carregado de ilustra\u00e7\u00f5es e narra\u00e7\u00e3o em desenhos animados, o document\u00e1rio, que \u00e9 apresentado em estreia, marca o encerramento da vig\u00e9sima primeira edi\u00e7\u00e3o do Festival que neste ano est\u00e1 a homenagear os 50 anos de Independ\u00eancia Nacional e, ao mesmo tempo, a distinguir importantes figuras que contribu\u00edram para a expans\u00e3o e difus\u00e3o da banda desenhada no mercado nacional<\/strong>. Fonte <strong><em><a href=\"https:\/\/www.opais.ao\/cultura\/festival-de-banda-desenhada-encerra-hoje-com-exibicao-do-documentario-making-of\/\">Opa\u00eds<\/a><\/em><\/strong><\/p>\n","protected":false},"excerpt":{"rendered":"<p>Carregado de ilustra\u00e7\u00f5es e narra\u00e7\u00e3o em desenhos animados, o document\u00e1rio, que \u00e9 apresentado em estreia, marca o encerramento da vig\u00e9sima primeira edi\u00e7\u00e3o do Festival que neste ano est\u00e1 a homenagear os 50 anos de Independ\u00eancia Nacional e, ao mesmo tempo, a distinguir importantes figuras que contribu\u00edram para a expans\u00e3o e difus\u00e3o da banda desenhada no [&hellip;]<\/p>\n","protected":false},"author":3,"featured_media":1363,"comment_status":"open","ping_status":"open","sticky":false,"template":"","format":"standard","meta":{"footnotes":""},"categories":[16],"tags":[],"class_list":["post-1362","post","type-post","status-publish","format-standard","has-post-thumbnail","hentry","category-actualidade"],"blocksy_meta":[],"_links":{"self":[{"href":"https:\/\/www.radiomais.ao\/index.php\/wp-json\/wp\/v2\/posts\/1362","targetHints":{"allow":["GET"]}}],"collection":[{"href":"https:\/\/www.radiomais.ao\/index.php\/wp-json\/wp\/v2\/posts"}],"about":[{"href":"https:\/\/www.radiomais.ao\/index.php\/wp-json\/wp\/v2\/types\/post"}],"author":[{"embeddable":true,"href":"https:\/\/www.radiomais.ao\/index.php\/wp-json\/wp\/v2\/users\/3"}],"replies":[{"embeddable":true,"href":"https:\/\/www.radiomais.ao\/index.php\/wp-json\/wp\/v2\/comments?post=1362"}],"version-history":[{"count":1,"href":"https:\/\/www.radiomais.ao\/index.php\/wp-json\/wp\/v2\/posts\/1362\/revisions"}],"predecessor-version":[{"id":1364,"href":"https:\/\/www.radiomais.ao\/index.php\/wp-json\/wp\/v2\/posts\/1362\/revisions\/1364"}],"wp:featuredmedia":[{"embeddable":true,"href":"https:\/\/www.radiomais.ao\/index.php\/wp-json\/wp\/v2\/media\/1363"}],"wp:attachment":[{"href":"https:\/\/www.radiomais.ao\/index.php\/wp-json\/wp\/v2\/media?parent=1362"}],"wp:term":[{"taxonomy":"category","embeddable":true,"href":"https:\/\/www.radiomais.ao\/index.php\/wp-json\/wp\/v2\/categories?post=1362"},{"taxonomy":"post_tag","embeddable":true,"href":"https:\/\/www.radiomais.ao\/index.php\/wp-json\/wp\/v2\/tags?post=1362"}],"curies":[{"name":"wp","href":"https:\/\/api.w.org\/{rel}","templated":true}]}}