{"id":1368,"date":"2025-08-14T14:14:31","date_gmt":"2025-08-14T13:14:31","guid":{"rendered":"https:\/\/www.radiomais.ao\/?p=1368"},"modified":"2025-08-14T14:14:31","modified_gmt":"2025-08-14T13:14:31","slug":"tentativa-de-assalto-termina-em-morte-em-benguela","status":"publish","type":"post","link":"https:\/\/www.radiomais.ao\/index.php\/2025\/08\/14\/tentativa-de-assalto-termina-em-morte-em-benguela\/","title":{"rendered":"Tentativa de assalto termina em morte em Benguela."},"content":{"rendered":"\n<p>Um adolescente de 15 anos perdeu a vida ao tentar assaltar uma antiga f\u00e1brica de cigarros em Benguela.<\/p>\n\n\n\n<p>A fam\u00edlia da v\u00edtima pede apoio para a realiza\u00e7\u00e3o do funeral.<\/p>\n","protected":false},"excerpt":{"rendered":"<p>Um adolescente de 15 anos perdeu a vida ao tentar assaltar uma antiga f\u00e1brica de cigarros em Benguela. A fam\u00edlia da v\u00edtima pede apoio para a realiza\u00e7\u00e3o do funeral.<\/p>\n","protected":false},"author":3,"featured_media":1369,"comment_status":"open","ping_status":"open","sticky":false,"template":"","format":"standard","meta":{"footnotes":""},"categories":[16],"tags":[168,166,95,169,167],"class_list":["post-1368","post","type-post","status-publish","format-standard","has-post-thumbnail","hentry","category-actualidade","tag-adolescente","tag-assalto","tag-benguela","tag-morte","tag-tentativa"],"blocksy_meta":[],"_links":{"self":[{"href":"https:\/\/www.radiomais.ao\/index.php\/wp-json\/wp\/v2\/posts\/1368","targetHints":{"allow":["GET"]}}],"collection":[{"href":"https:\/\/www.radiomais.ao\/index.php\/wp-json\/wp\/v2\/posts"}],"about":[{"href":"https:\/\/www.radiomais.ao\/index.php\/wp-json\/wp\/v2\/types\/post"}],"author":[{"embeddable":true,"href":"https:\/\/www.radiomais.ao\/index.php\/wp-json\/wp\/v2\/users\/3"}],"replies":[{"embeddable":true,"href":"https:\/\/www.radiomais.ao\/index.php\/wp-json\/wp\/v2\/comments?post=1368"}],"version-history":[{"count":1,"href":"https:\/\/www.radiomais.ao\/index.php\/wp-json\/wp\/v2\/posts\/1368\/revisions"}],"predecessor-version":[{"id":1370,"href":"https:\/\/www.radiomais.ao\/index.php\/wp-json\/wp\/v2\/posts\/1368\/revisions\/1370"}],"wp:featuredmedia":[{"embeddable":true,"href":"https:\/\/www.radiomais.ao\/index.php\/wp-json\/wp\/v2\/media\/1369"}],"wp:attachment":[{"href":"https:\/\/www.radiomais.ao\/index.php\/wp-json\/wp\/v2\/media?parent=1368"}],"wp:term":[{"taxonomy":"category","embeddable":true,"href":"https:\/\/www.radiomais.ao\/index.php\/wp-json\/wp\/v2\/categories?post=1368"},{"taxonomy":"post_tag","embeddable":true,"href":"https:\/\/www.radiomais.ao\/index.php\/wp-json\/wp\/v2\/tags?post=1368"}],"curies":[{"name":"wp","href":"https:\/\/api.w.org\/{rel}","templated":true}]}}