{"id":1371,"date":"2025-08-14T14:23:25","date_gmt":"2025-08-14T13:23:25","guid":{"rendered":"https:\/\/www.radiomais.ao\/?p=1371"},"modified":"2025-08-14T14:23:25","modified_gmt":"2025-08-14T13:23:25","slug":"em-malanje-8-criancas-morreram-vitimas-de-sarampo-de-maio-a-agosto","status":"publish","type":"post","link":"https:\/\/www.radiomais.ao\/index.php\/2025\/08\/14\/em-malanje-8-criancas-morreram-vitimas-de-sarampo-de-maio-a-agosto\/","title":{"rendered":"Em Malanje 8 crian\u00e7as morreram v\u00edtimas de Sarampo de Maio \u00e1 Agosto."},"content":{"rendered":"\n<p>Maio a Agosto deste, 8 crian\u00e7as morreram v\u00edtimas de sarampo na prov\u00edncia de Malanje.<\/p>\n\n\n\n<p>O n\u00famero de casos continua a crescer e para inverter o quadro, come\u00e7a amanh\u00e3 uma campanha de vacina\u00e7\u00e3o contra a doen\u00e7a.<\/p>\n","protected":false},"excerpt":{"rendered":"<p>Maio a Agosto deste, 8 crian\u00e7as morreram v\u00edtimas de sarampo na prov\u00edncia de Malanje. O n\u00famero de casos continua a crescer e para inverter o quadro, come\u00e7a amanh\u00e3 uma campanha de vacina\u00e7\u00e3o contra a doen\u00e7a.<\/p>\n","protected":false},"author":3,"featured_media":1372,"comment_status":"open","ping_status":"open","sticky":false,"template":"","format":"standard","meta":{"footnotes":""},"categories":[16],"tags":[],"class_list":["post-1371","post","type-post","status-publish","format-standard","has-post-thumbnail","hentry","category-actualidade"],"blocksy_meta":[],"_links":{"self":[{"href":"https:\/\/www.radiomais.ao\/index.php\/wp-json\/wp\/v2\/posts\/1371","targetHints":{"allow":["GET"]}}],"collection":[{"href":"https:\/\/www.radiomais.ao\/index.php\/wp-json\/wp\/v2\/posts"}],"about":[{"href":"https:\/\/www.radiomais.ao\/index.php\/wp-json\/wp\/v2\/types\/post"}],"author":[{"embeddable":true,"href":"https:\/\/www.radiomais.ao\/index.php\/wp-json\/wp\/v2\/users\/3"}],"replies":[{"embeddable":true,"href":"https:\/\/www.radiomais.ao\/index.php\/wp-json\/wp\/v2\/comments?post=1371"}],"version-history":[{"count":1,"href":"https:\/\/www.radiomais.ao\/index.php\/wp-json\/wp\/v2\/posts\/1371\/revisions"}],"predecessor-version":[{"id":1373,"href":"https:\/\/www.radiomais.ao\/index.php\/wp-json\/wp\/v2\/posts\/1371\/revisions\/1373"}],"wp:featuredmedia":[{"embeddable":true,"href":"https:\/\/www.radiomais.ao\/index.php\/wp-json\/wp\/v2\/media\/1372"}],"wp:attachment":[{"href":"https:\/\/www.radiomais.ao\/index.php\/wp-json\/wp\/v2\/media?parent=1371"}],"wp:term":[{"taxonomy":"category","embeddable":true,"href":"https:\/\/www.radiomais.ao\/index.php\/wp-json\/wp\/v2\/categories?post=1371"},{"taxonomy":"post_tag","embeddable":true,"href":"https:\/\/www.radiomais.ao\/index.php\/wp-json\/wp\/v2\/tags?post=1371"}],"curies":[{"name":"wp","href":"https:\/\/api.w.org\/{rel}","templated":true}]}}