{"id":1404,"date":"2025-08-15T11:56:06","date_gmt":"2025-08-15T10:56:06","guid":{"rendered":"https:\/\/www.radiomais.ao\/?p=1404"},"modified":"2025-08-15T11:56:06","modified_gmt":"2025-08-15T10:56:06","slug":"angola-vence-e-ja-pensa-no-sudao-do-sul","status":"publish","type":"post","link":"https:\/\/www.radiomais.ao\/index.php\/2025\/08\/15\/angola-vence-e-ja-pensa-no-sudao-do-sul\/","title":{"rendered":"Angola vence e j\u00e1 pensa no Sud\u00e3o do Sul."},"content":{"rendered":"\n<p>A Selec\u00e7\u00e3o Nacional s\u00e9nior masculina de basquetebol venceu ontem a Guin\u00e9 Conacri por 84-68, em jogo a contar para a segunda jornada do grupo C do Afrobasket que decorre em solo angolano. Fonte <strong><em><a href=\"https:\/\/www.opais.ao\/desporto\/angola-vence-e-ja-pensa-no-sudao-do-sul\/\">Opa\u00eds<\/a><\/em><\/strong><\/p>\n","protected":false},"excerpt":{"rendered":"<p>A Selec\u00e7\u00e3o Nacional s\u00e9nior masculina de basquetebol venceu ontem a Guin\u00e9 Conacri por 84-68, em jogo a contar para a segunda jornada do grupo C do Afrobasket que decorre em solo angolano. Fonte Opa\u00eds<\/p>\n","protected":false},"author":3,"featured_media":1405,"comment_status":"open","ping_status":"open","sticky":false,"template":"","format":"standard","meta":{"footnotes":""},"categories":[1],"tags":[75,22,174,173],"class_list":["post-1404","post","type-post","status-publish","format-standard","has-post-thumbnail","hentry","category-uncategorized","tag-angola","tag-destaque","tag-sudao","tag-vence"],"blocksy_meta":[],"_links":{"self":[{"href":"https:\/\/www.radiomais.ao\/index.php\/wp-json\/wp\/v2\/posts\/1404","targetHints":{"allow":["GET"]}}],"collection":[{"href":"https:\/\/www.radiomais.ao\/index.php\/wp-json\/wp\/v2\/posts"}],"about":[{"href":"https:\/\/www.radiomais.ao\/index.php\/wp-json\/wp\/v2\/types\/post"}],"author":[{"embeddable":true,"href":"https:\/\/www.radiomais.ao\/index.php\/wp-json\/wp\/v2\/users\/3"}],"replies":[{"embeddable":true,"href":"https:\/\/www.radiomais.ao\/index.php\/wp-json\/wp\/v2\/comments?post=1404"}],"version-history":[{"count":1,"href":"https:\/\/www.radiomais.ao\/index.php\/wp-json\/wp\/v2\/posts\/1404\/revisions"}],"predecessor-version":[{"id":1406,"href":"https:\/\/www.radiomais.ao\/index.php\/wp-json\/wp\/v2\/posts\/1404\/revisions\/1406"}],"wp:featuredmedia":[{"embeddable":true,"href":"https:\/\/www.radiomais.ao\/index.php\/wp-json\/wp\/v2\/media\/1405"}],"wp:attachment":[{"href":"https:\/\/www.radiomais.ao\/index.php\/wp-json\/wp\/v2\/media?parent=1404"}],"wp:term":[{"taxonomy":"category","embeddable":true,"href":"https:\/\/www.radiomais.ao\/index.php\/wp-json\/wp\/v2\/categories?post=1404"},{"taxonomy":"post_tag","embeddable":true,"href":"https:\/\/www.radiomais.ao\/index.php\/wp-json\/wp\/v2\/tags?post=1404"}],"curies":[{"name":"wp","href":"https:\/\/api.w.org\/{rel}","templated":true}]}}