{"id":1407,"date":"2025-08-15T12:00:52","date_gmt":"2025-08-15T11:00:52","guid":{"rendered":"https:\/\/www.radiomais.ao\/?p=1407"},"modified":"2025-08-15T12:00:52","modified_gmt":"2025-08-15T11:00:52","slug":"dezasseis-cidadaos-detidos-por-crimes-de-rebeliao-e-terrorismo-nos-ultimos-15-dias","status":"publish","type":"post","link":"https:\/\/www.radiomais.ao\/index.php\/2025\/08\/15\/dezasseis-cidadaos-detidos-por-crimes-de-rebeliao-e-terrorismo-nos-ultimos-15-dias\/","title":{"rendered":"Dezasseis cidad\u00e3os detidos por crimes de rebeli\u00e3o e terrorismo nos \u00faltimos 15 dias."},"content":{"rendered":"\n<p><strong>Dois cidad\u00e3os russos (ligados \u00e0 organiza\u00e7\u00e3o Africa Politology), dois jornalistas, um pol\u00edtico, um vendedor online, seis l\u00edderes de associa\u00e7\u00f5es de t\u00e1xis, entre outros, foram detidos pelo Servi\u00e7o de Investiga\u00e7\u00e3o Criminal (SIC), nos \u00faltimos 15 dias, perfazendo um total de 16 pessoas<\/strong>. Fonte <strong><em><a href=\"https:\/\/www.opais.ao\/sociedade\/dezasseis-cidadaos-detidos-por-crimes-de-rebeliao-e-terrorismo-nos-ultimos-15-dias\/\">Opa\u00eds<\/a><\/em><\/strong><\/p>\n\n\n\n<p><\/p>\n","protected":false},"excerpt":{"rendered":"<p>Dois cidad\u00e3os russos (ligados \u00e0 organiza\u00e7\u00e3o Africa Politology), dois jornalistas, um pol\u00edtico, um vendedor online, seis l\u00edderes de associa\u00e7\u00f5es de t\u00e1xis, entre outros, foram detidos pelo Servi\u00e7o de Investiga\u00e7\u00e3o Criminal (SIC), nos \u00faltimos 15 dias, perfazendo um total de 16 pessoas. Fonte Opa\u00eds<\/p>\n","protected":false},"author":3,"featured_media":1408,"comment_status":"open","ping_status":"open","sticky":false,"template":"","format":"standard","meta":{"footnotes":""},"categories":[16],"tags":[175],"class_list":["post-1407","post","type-post","status-publish","format-standard","has-post-thumbnail","hentry","category-actualidade","tag-dezasseis-cidadaos-detidos-por-crimes-de-rebeliao-e-terrorismo"],"blocksy_meta":[],"_links":{"self":[{"href":"https:\/\/www.radiomais.ao\/index.php\/wp-json\/wp\/v2\/posts\/1407","targetHints":{"allow":["GET"]}}],"collection":[{"href":"https:\/\/www.radiomais.ao\/index.php\/wp-json\/wp\/v2\/posts"}],"about":[{"href":"https:\/\/www.radiomais.ao\/index.php\/wp-json\/wp\/v2\/types\/post"}],"author":[{"embeddable":true,"href":"https:\/\/www.radiomais.ao\/index.php\/wp-json\/wp\/v2\/users\/3"}],"replies":[{"embeddable":true,"href":"https:\/\/www.radiomais.ao\/index.php\/wp-json\/wp\/v2\/comments?post=1407"}],"version-history":[{"count":1,"href":"https:\/\/www.radiomais.ao\/index.php\/wp-json\/wp\/v2\/posts\/1407\/revisions"}],"predecessor-version":[{"id":1409,"href":"https:\/\/www.radiomais.ao\/index.php\/wp-json\/wp\/v2\/posts\/1407\/revisions\/1409"}],"wp:featuredmedia":[{"embeddable":true,"href":"https:\/\/www.radiomais.ao\/index.php\/wp-json\/wp\/v2\/media\/1408"}],"wp:attachment":[{"href":"https:\/\/www.radiomais.ao\/index.php\/wp-json\/wp\/v2\/media?parent=1407"}],"wp:term":[{"taxonomy":"category","embeddable":true,"href":"https:\/\/www.radiomais.ao\/index.php\/wp-json\/wp\/v2\/categories?post=1407"},{"taxonomy":"post_tag","embeddable":true,"href":"https:\/\/www.radiomais.ao\/index.php\/wp-json\/wp\/v2\/tags?post=1407"}],"curies":[{"name":"wp","href":"https:\/\/api.w.org\/{rel}","templated":true}]}}