{"id":1417,"date":"2025-08-15T12:27:17","date_gmt":"2025-08-15T11:27:17","guid":{"rendered":"https:\/\/www.radiomais.ao\/?p=1417"},"modified":"2025-08-15T12:27:17","modified_gmt":"2025-08-15T11:27:17","slug":"a-situacao-de-crise-que-o-pais-enfrenta-nao-permite-que-o-povo-celebre-com-alegria-esses-50-anos-de-independencia","status":"publish","type":"post","link":"https:\/\/www.radiomais.ao\/index.php\/2025\/08\/15\/a-situacao-de-crise-que-o-pais-enfrenta-nao-permite-que-o-povo-celebre-com-alegria-esses-50-anos-de-independencia\/","title":{"rendered":"\u201cA situa\u00e7\u00e3o de crise que o pa\u00eds enfrenta n\u00e3o permite que o povo celebre com alegria esses 50 anos de independ\u00eancia\u201d."},"content":{"rendered":"\n<p><strong>No \u00e2mbito das celebra\u00e7\u00f5es do 50.\u00ba anivers\u00e1rio de Independ\u00eancia Nacional, a rubrica \u201cO jovem e a Independ\u00eancia\u201d desta edi\u00e7\u00e3o traz a vis\u00e3o da estu- dante universit\u00e1ria Mariana Wandi Agostinho<\/strong>. Fonte<strong><em><a href=\"https:\/\/www.opais.ao\/politica\/a-situacao-de-crise-que-o-pais-enfrenta-nao-permite-que-o-povo-celebre-com-alegria-esses-50-anos-de-independencia\/\"> Opa\u00eds<\/a><\/em><\/strong><\/p>\n","protected":false},"excerpt":{"rendered":"<p>No \u00e2mbito das celebra\u00e7\u00f5es do 50.\u00ba anivers\u00e1rio de Independ\u00eancia Nacional, a rubrica \u201cO jovem e a Independ\u00eancia\u201d desta edi\u00e7\u00e3o traz a vis\u00e3o da estu- dante universit\u00e1ria Mariana Wandi Agostinho. Fonte Opa\u00eds<\/p>\n","protected":false},"author":3,"featured_media":1418,"comment_status":"open","ping_status":"open","sticky":false,"template":"","format":"standard","meta":{"footnotes":""},"categories":[16],"tags":[182],"class_list":["post-1417","post","type-post","status-publish","format-standard","has-post-thumbnail","hentry","category-actualidade","tag-50anos-de-independencia"],"blocksy_meta":[],"_links":{"self":[{"href":"https:\/\/www.radiomais.ao\/index.php\/wp-json\/wp\/v2\/posts\/1417","targetHints":{"allow":["GET"]}}],"collection":[{"href":"https:\/\/www.radiomais.ao\/index.php\/wp-json\/wp\/v2\/posts"}],"about":[{"href":"https:\/\/www.radiomais.ao\/index.php\/wp-json\/wp\/v2\/types\/post"}],"author":[{"embeddable":true,"href":"https:\/\/www.radiomais.ao\/index.php\/wp-json\/wp\/v2\/users\/3"}],"replies":[{"embeddable":true,"href":"https:\/\/www.radiomais.ao\/index.php\/wp-json\/wp\/v2\/comments?post=1417"}],"version-history":[{"count":1,"href":"https:\/\/www.radiomais.ao\/index.php\/wp-json\/wp\/v2\/posts\/1417\/revisions"}],"predecessor-version":[{"id":1419,"href":"https:\/\/www.radiomais.ao\/index.php\/wp-json\/wp\/v2\/posts\/1417\/revisions\/1419"}],"wp:featuredmedia":[{"embeddable":true,"href":"https:\/\/www.radiomais.ao\/index.php\/wp-json\/wp\/v2\/media\/1418"}],"wp:attachment":[{"href":"https:\/\/www.radiomais.ao\/index.php\/wp-json\/wp\/v2\/media?parent=1417"}],"wp:term":[{"taxonomy":"category","embeddable":true,"href":"https:\/\/www.radiomais.ao\/index.php\/wp-json\/wp\/v2\/categories?post=1417"},{"taxonomy":"post_tag","embeddable":true,"href":"https:\/\/www.radiomais.ao\/index.php\/wp-json\/wp\/v2\/tags?post=1417"}],"curies":[{"name":"wp","href":"https:\/\/api.w.org\/{rel}","templated":true}]}}