{"id":1502,"date":"2025-08-18T11:06:29","date_gmt":"2025-08-18T10:06:29","guid":{"rendered":"https:\/\/www.radiomais.ao\/?p=1502"},"modified":"2025-08-18T11:06:29","modified_gmt":"2025-08-18T10:06:29","slug":"angola-presente-na-45a-cimeira-da-sadc","status":"publish","type":"post","link":"https:\/\/www.radiomais.ao\/index.php\/2025\/08\/18\/angola-presente-na-45a-cimeira-da-sadc\/","title":{"rendered":"Angola presente na 45\u00aa Cimeira da SADC."},"content":{"rendered":"\n<p>Uma delega\u00e7\u00e3o angolana, chefiada pelo ministro das Rela\u00e7\u00f5es Exteriores, T\u00e9te Ant\u00f3nio, participa, neste domingo, no Centro de Confer\u00eancias Ivato, em Madag\u00e1scar, da 45\u00aa Cimeira da Comunidade de Desenvolvimento da \u00c1frica Austral (SADC).Fonte <strong><em><a href=\"https:\/\/www.opais.ao\/politica\/angola-presente-na-45a-cimeira-da-sadc\/\">Opa\u00eds<\/a><\/em><\/strong><\/p>\n","protected":false},"excerpt":{"rendered":"<p>Uma delega\u00e7\u00e3o angolana, chefiada pelo ministro das Rela\u00e7\u00f5es Exteriores, T\u00e9te Ant\u00f3nio, participa, neste domingo, no Centro de Confer\u00eancias Ivato, em Madag\u00e1scar, da 45\u00aa Cimeira da Comunidade de Desenvolvimento da \u00c1frica Austral (SADC).Fonte Opa\u00eds<\/p>\n","protected":false},"author":3,"featured_media":1503,"comment_status":"open","ping_status":"open","sticky":false,"template":"","format":"standard","meta":{"footnotes":""},"categories":[16],"tags":[75,144,188],"class_list":["post-1502","post","type-post","status-publish","format-standard","has-post-thumbnail","hentry","category-actualidade","tag-angola","tag-cimeira","tag-sadc"],"blocksy_meta":[],"_links":{"self":[{"href":"https:\/\/www.radiomais.ao\/index.php\/wp-json\/wp\/v2\/posts\/1502","targetHints":{"allow":["GET"]}}],"collection":[{"href":"https:\/\/www.radiomais.ao\/index.php\/wp-json\/wp\/v2\/posts"}],"about":[{"href":"https:\/\/www.radiomais.ao\/index.php\/wp-json\/wp\/v2\/types\/post"}],"author":[{"embeddable":true,"href":"https:\/\/www.radiomais.ao\/index.php\/wp-json\/wp\/v2\/users\/3"}],"replies":[{"embeddable":true,"href":"https:\/\/www.radiomais.ao\/index.php\/wp-json\/wp\/v2\/comments?post=1502"}],"version-history":[{"count":1,"href":"https:\/\/www.radiomais.ao\/index.php\/wp-json\/wp\/v2\/posts\/1502\/revisions"}],"predecessor-version":[{"id":1504,"href":"https:\/\/www.radiomais.ao\/index.php\/wp-json\/wp\/v2\/posts\/1502\/revisions\/1504"}],"wp:featuredmedia":[{"embeddable":true,"href":"https:\/\/www.radiomais.ao\/index.php\/wp-json\/wp\/v2\/media\/1503"}],"wp:attachment":[{"href":"https:\/\/www.radiomais.ao\/index.php\/wp-json\/wp\/v2\/media?parent=1502"}],"wp:term":[{"taxonomy":"category","embeddable":true,"href":"https:\/\/www.radiomais.ao\/index.php\/wp-json\/wp\/v2\/categories?post=1502"},{"taxonomy":"post_tag","embeddable":true,"href":"https:\/\/www.radiomais.ao\/index.php\/wp-json\/wp\/v2\/tags?post=1502"}],"curies":[{"name":"wp","href":"https:\/\/api.w.org\/{rel}","templated":true}]}}