{"id":1511,"date":"2025-08-18T12:54:50","date_gmt":"2025-08-18T11:54:50","guid":{"rendered":"https:\/\/www.radiomais.ao\/?p=1511"},"modified":"2025-08-18T12:54:50","modified_gmt":"2025-08-18T11:54:50","slug":"angola-regista-decima-cirurgia-de-separacao-de-gemeos-siameses","status":"publish","type":"post","link":"https:\/\/www.radiomais.ao\/index.php\/2025\/08\/18\/angola-regista-decima-cirurgia-de-separacao-de-gemeos-siameses\/","title":{"rendered":"Angola regista d\u00e9cima cirurgia de separa\u00e7\u00e3o de g\u00e9meos siameses."},"content":{"rendered":"\n<p><strong>O caso das filhas de Margarida Jos\u00e9 Miguel Cacete, de 34 anos, g\u00e9meas siamesas que sofreram cirurgia de separa\u00e7\u00e3o recentemente no hospital David bernardino, \u00e9 o 10.\u00ba registado no nosso pa\u00eds, tendo todo sucesso na interven\u00e7\u00e3o m\u00e9dica. Dos dez casos, sete cirurgias foram feitas na referida unidade hospitalar<\/strong>. Fonte <strong><em><a href=\"https:\/\/www.opais.ao\/sociedade\/angola-regista-decima-cirurgia-de-separacao-de-gemeos-siameses\/\">Opa\u00eds<\/a><\/em><\/strong><\/p>\n","protected":false},"excerpt":{"rendered":"<p>O caso das filhas de Margarida Jos\u00e9 Miguel Cacete, de 34 anos, g\u00e9meas siamesas que sofreram cirurgia de separa\u00e7\u00e3o recentemente no hospital David bernardino, \u00e9 o 10.\u00ba registado no nosso pa\u00eds, tendo todo sucesso na interven\u00e7\u00e3o m\u00e9dica. Dos dez casos, sete cirurgias foram feitas na referida unidade hospitalar. Fonte Opa\u00eds<\/p>\n","protected":false},"author":3,"featured_media":1512,"comment_status":"open","ping_status":"open","sticky":false,"template":"","format":"standard","meta":{"footnotes":""},"categories":[16],"tags":[196,195],"class_list":["post-1511","post","type-post","status-publish","format-standard","has-post-thumbnail","hentry","category-actualidade","tag-10o-cirurgia","tag-separacao-de-siameses"],"blocksy_meta":[],"_links":{"self":[{"href":"https:\/\/www.radiomais.ao\/index.php\/wp-json\/wp\/v2\/posts\/1511","targetHints":{"allow":["GET"]}}],"collection":[{"href":"https:\/\/www.radiomais.ao\/index.php\/wp-json\/wp\/v2\/posts"}],"about":[{"href":"https:\/\/www.radiomais.ao\/index.php\/wp-json\/wp\/v2\/types\/post"}],"author":[{"embeddable":true,"href":"https:\/\/www.radiomais.ao\/index.php\/wp-json\/wp\/v2\/users\/3"}],"replies":[{"embeddable":true,"href":"https:\/\/www.radiomais.ao\/index.php\/wp-json\/wp\/v2\/comments?post=1511"}],"version-history":[{"count":1,"href":"https:\/\/www.radiomais.ao\/index.php\/wp-json\/wp\/v2\/posts\/1511\/revisions"}],"predecessor-version":[{"id":1513,"href":"https:\/\/www.radiomais.ao\/index.php\/wp-json\/wp\/v2\/posts\/1511\/revisions\/1513"}],"wp:featuredmedia":[{"embeddable":true,"href":"https:\/\/www.radiomais.ao\/index.php\/wp-json\/wp\/v2\/media\/1512"}],"wp:attachment":[{"href":"https:\/\/www.radiomais.ao\/index.php\/wp-json\/wp\/v2\/media?parent=1511"}],"wp:term":[{"taxonomy":"category","embeddable":true,"href":"https:\/\/www.radiomais.ao\/index.php\/wp-json\/wp\/v2\/categories?post=1511"},{"taxonomy":"post_tag","embeddable":true,"href":"https:\/\/www.radiomais.ao\/index.php\/wp-json\/wp\/v2\/tags?post=1511"}],"curies":[{"name":"wp","href":"https:\/\/api.w.org\/{rel}","templated":true}]}}