{"id":1561,"date":"2025-08-20T10:29:42","date_gmt":"2025-08-20T09:29:42","guid":{"rendered":"https:\/\/www.radiomais.ao\/?p=1561"},"modified":"2025-08-20T10:29:42","modified_gmt":"2025-08-20T09:29:42","slug":"ix-edicao-da-ticad-arranca-hoje-com-co-presidencia-do-chefe-de-estado-angolano","status":"publish","type":"post","link":"https:\/\/www.radiomais.ao\/index.php\/2025\/08\/20\/ix-edicao-da-ticad-arranca-hoje-com-co-presidencia-do-chefe-de-estado-angolano\/","title":{"rendered":"IX edi\u00e7\u00e3o da TICAD arranca hoje com co-presid\u00eancia do Chefe de Estado angolano."},"content":{"rendered":"\n<p><strong>Arranca hoje, em Yokohama, Jap\u00e3o, a IX edi\u00e7\u00e3o da Confer\u00eancia Internacional de T\u00f3quio para o Desenvolvimento de \u00c1frica (TICAD 9), uma das principais plataformas de di\u00e1logo e coopera\u00e7\u00e3o internacional em prol do desenvolvimento africano. O Presidente da Rep\u00fablica, Jo\u00e3o Louren\u00e7o, participa no evento na qualidade de Presidente em exerc\u00edcio da Uni\u00e3o Africana e assume o papel de co-presidente da cimeira, ao lado do Primeiro-Ministro do Jap\u00e3o, Fumio Kishida<\/strong>. Fonte <strong><em><a href=\"https:\/\/www.opais.ao\/politica\/ix-edicao-da-ticad-arranca-hoje-com-co-presidencia-do-chefe-de-estado-angolano\/\">Opa\u00eds<\/a><\/em><\/strong><\/p>\n\n\n\n<p><\/p>\n","protected":false},"excerpt":{"rendered":"<p>Arranca hoje, em Yokohama, Jap\u00e3o, a IX edi\u00e7\u00e3o da Confer\u00eancia Internacional de T\u00f3quio para o Desenvolvimento de \u00c1frica (TICAD 9), uma das principais plataformas de di\u00e1logo e coopera\u00e7\u00e3o internacional em prol do desenvolvimento africano. O Presidente da Rep\u00fablica, Jo\u00e3o Louren\u00e7o, participa no evento na qualidade de Presidente em exerc\u00edcio da Uni\u00e3o Africana e assume o [&hellip;]<\/p>\n","protected":false},"author":3,"featured_media":1562,"comment_status":"open","ping_status":"open","sticky":false,"template":"","format":"standard","meta":{"footnotes":""},"categories":[1],"tags":[22,197,198],"class_list":["post-1561","post","type-post","status-publish","format-standard","has-post-thumbnail","hentry","category-uncategorized","tag-destaque","tag-ix-edicao","tag-ticad"],"blocksy_meta":[],"_links":{"self":[{"href":"https:\/\/www.radiomais.ao\/index.php\/wp-json\/wp\/v2\/posts\/1561","targetHints":{"allow":["GET"]}}],"collection":[{"href":"https:\/\/www.radiomais.ao\/index.php\/wp-json\/wp\/v2\/posts"}],"about":[{"href":"https:\/\/www.radiomais.ao\/index.php\/wp-json\/wp\/v2\/types\/post"}],"author":[{"embeddable":true,"href":"https:\/\/www.radiomais.ao\/index.php\/wp-json\/wp\/v2\/users\/3"}],"replies":[{"embeddable":true,"href":"https:\/\/www.radiomais.ao\/index.php\/wp-json\/wp\/v2\/comments?post=1561"}],"version-history":[{"count":1,"href":"https:\/\/www.radiomais.ao\/index.php\/wp-json\/wp\/v2\/posts\/1561\/revisions"}],"predecessor-version":[{"id":1563,"href":"https:\/\/www.radiomais.ao\/index.php\/wp-json\/wp\/v2\/posts\/1561\/revisions\/1563"}],"wp:featuredmedia":[{"embeddable":true,"href":"https:\/\/www.radiomais.ao\/index.php\/wp-json\/wp\/v2\/media\/1562"}],"wp:attachment":[{"href":"https:\/\/www.radiomais.ao\/index.php\/wp-json\/wp\/v2\/media?parent=1561"}],"wp:term":[{"taxonomy":"category","embeddable":true,"href":"https:\/\/www.radiomais.ao\/index.php\/wp-json\/wp\/v2\/categories?post=1561"},{"taxonomy":"post_tag","embeddable":true,"href":"https:\/\/www.radiomais.ao\/index.php\/wp-json\/wp\/v2\/tags?post=1561"}],"curies":[{"name":"wp","href":"https:\/\/api.w.org\/{rel}","templated":true}]}}