{"id":1567,"date":"2025-08-20T10:46:31","date_gmt":"2025-08-20T09:46:31","guid":{"rendered":"https:\/\/www.radiomais.ao\/?p=1567"},"modified":"2025-08-20T10:46:31","modified_gmt":"2025-08-20T09:46:31","slug":"vitimas-dos-conflitos-tribais-no-namibe-comecam-a-ser-sepultadas-a-partir-de-hoje","status":"publish","type":"post","link":"https:\/\/www.radiomais.ao\/index.php\/2025\/08\/20\/vitimas-dos-conflitos-tribais-no-namibe-comecam-a-ser-sepultadas-a-partir-de-hoje\/","title":{"rendered":"V\u00edtimas dos conflitos tribais no Namibe come\u00e7am a ser sepultadas a partir de hoje."},"content":{"rendered":"\n<p>O Governo Provincial do Namibe garantiu no munic\u00edpio da Bibala, prestar total apoio \u00e0s fam\u00edlias das v\u00edtimas mortais do conflito tribal ocorrido no \u00faltimo s\u00e1bado, 16, nos munic\u00edpios de Camucuio e das Cacimbas, localizados no extremo norte da cidade Mo\u00e7\u00e2medes, tendo resultado na morte de 12 pessoas que come\u00e7am a ser sepultadas a partir hoje nas respectivas localidades. Fonte <strong><em><a href=\"https:\/\/www.opais.ao\/sociedade\/vitimas-dos-conflitos-tribais-no-namibe-comecam-a-ser-sepultadas-a-partir-de-hoje\/\">Opa\u00eds<\/a><\/em><\/strong><\/p>\n\n\n\n<p><\/p>\n","protected":false},"excerpt":{"rendered":"<p>O Governo Provincial do Namibe garantiu no munic\u00edpio da Bibala, prestar total apoio \u00e0s fam\u00edlias das v\u00edtimas mortais do conflito tribal ocorrido no \u00faltimo s\u00e1bado, 16, nos munic\u00edpios de Camucuio e das Cacimbas, localizados no extremo norte da cidade Mo\u00e7\u00e2medes, tendo resultado na morte de 12 pessoas que come\u00e7am a ser sepultadas a partir hoje [&hellip;]<\/p>\n","protected":false},"author":3,"featured_media":1568,"comment_status":"open","ping_status":"open","sticky":false,"template":"","format":"standard","meta":{"footnotes":""},"categories":[16],"tags":[202,204,203],"class_list":["post-1567","post","type-post","status-publish","format-standard","has-post-thumbnail","hentry","category-actualidade","tag-conflitos","tag-mortes","tag-terras-no-namibe"],"blocksy_meta":[],"_links":{"self":[{"href":"https:\/\/www.radiomais.ao\/index.php\/wp-json\/wp\/v2\/posts\/1567","targetHints":{"allow":["GET"]}}],"collection":[{"href":"https:\/\/www.radiomais.ao\/index.php\/wp-json\/wp\/v2\/posts"}],"about":[{"href":"https:\/\/www.radiomais.ao\/index.php\/wp-json\/wp\/v2\/types\/post"}],"author":[{"embeddable":true,"href":"https:\/\/www.radiomais.ao\/index.php\/wp-json\/wp\/v2\/users\/3"}],"replies":[{"embeddable":true,"href":"https:\/\/www.radiomais.ao\/index.php\/wp-json\/wp\/v2\/comments?post=1567"}],"version-history":[{"count":1,"href":"https:\/\/www.radiomais.ao\/index.php\/wp-json\/wp\/v2\/posts\/1567\/revisions"}],"predecessor-version":[{"id":1569,"href":"https:\/\/www.radiomais.ao\/index.php\/wp-json\/wp\/v2\/posts\/1567\/revisions\/1569"}],"wp:featuredmedia":[{"embeddable":true,"href":"https:\/\/www.radiomais.ao\/index.php\/wp-json\/wp\/v2\/media\/1568"}],"wp:attachment":[{"href":"https:\/\/www.radiomais.ao\/index.php\/wp-json\/wp\/v2\/media?parent=1567"}],"wp:term":[{"taxonomy":"category","embeddable":true,"href":"https:\/\/www.radiomais.ao\/index.php\/wp-json\/wp\/v2\/categories?post=1567"},{"taxonomy":"post_tag","embeddable":true,"href":"https:\/\/www.radiomais.ao\/index.php\/wp-json\/wp\/v2\/tags?post=1567"}],"curies":[{"name":"wp","href":"https:\/\/api.w.org\/{rel}","templated":true}]}}