{"id":1570,"date":"2025-08-20T11:04:17","date_gmt":"2025-08-20T10:04:17","guid":{"rendered":"https:\/\/www.radiomais.ao\/?p=1570"},"modified":"2025-08-20T11:04:17","modified_gmt":"2025-08-20T10:04:17","slug":"angola-assina-memorando-com-toyota-e-jica","status":"publish","type":"post","link":"https:\/\/www.radiomais.ao\/index.php\/2025\/08\/20\/angola-assina-memorando-com-toyota-e-jica\/","title":{"rendered":"Angola assina memorando com Toyota e JICA."},"content":{"rendered":"\n<p>\u200eNo quadro do refor\u00e7o da diversifica\u00e7\u00e3o da economia angolana, com vista \u00e0 cria\u00e7\u00e3o de mais postos de trabalho, o Presidente da Rep\u00fablica, Jo\u00e3o Louren\u00e7o, anunciou, hoje, em Yokohama, no Jap\u00e3o, a assinatura de dois novos memorandos de entendimento com duas empresas nip\u00f3nicas, nomeadamente a Toyota e a Ag\u00eancia Japonesa de Coopera\u00e7\u00e3o Internacional (JICA). Fonte<strong><em><a href=\"https:\/\/www.opais.ao\/economia\/angola-assina-memorando-com-toyota-e-jica\/\"> Opa\u00eds<\/a><\/em><\/strong><\/p>\n\n\n\n<p><\/p>\n","protected":false},"excerpt":{"rendered":"<p>\u200eNo quadro do refor\u00e7o da diversifica\u00e7\u00e3o da economia angolana, com vista \u00e0 cria\u00e7\u00e3o de mais postos de trabalho, o Presidente da Rep\u00fablica, Jo\u00e3o Louren\u00e7o, anunciou, hoje, em Yokohama, no Jap\u00e3o, a assinatura de dois novos memorandos de entendimento com duas empresas nip\u00f3nicas, nomeadamente a Toyota e a Ag\u00eancia Japonesa de Coopera\u00e7\u00e3o Internacional (JICA). Fonte Opa\u00eds<\/p>\n","protected":false},"author":3,"featured_media":1571,"comment_status":"open","ping_status":"open","sticky":false,"template":"","format":"standard","meta":{"footnotes":""},"categories":[16],"tags":[75,205],"class_list":["post-1570","post","type-post","status-publish","format-standard","has-post-thumbnail","hentry","category-actualidade","tag-angola","tag-memorando"],"blocksy_meta":[],"_links":{"self":[{"href":"https:\/\/www.radiomais.ao\/index.php\/wp-json\/wp\/v2\/posts\/1570","targetHints":{"allow":["GET"]}}],"collection":[{"href":"https:\/\/www.radiomais.ao\/index.php\/wp-json\/wp\/v2\/posts"}],"about":[{"href":"https:\/\/www.radiomais.ao\/index.php\/wp-json\/wp\/v2\/types\/post"}],"author":[{"embeddable":true,"href":"https:\/\/www.radiomais.ao\/index.php\/wp-json\/wp\/v2\/users\/3"}],"replies":[{"embeddable":true,"href":"https:\/\/www.radiomais.ao\/index.php\/wp-json\/wp\/v2\/comments?post=1570"}],"version-history":[{"count":1,"href":"https:\/\/www.radiomais.ao\/index.php\/wp-json\/wp\/v2\/posts\/1570\/revisions"}],"predecessor-version":[{"id":1572,"href":"https:\/\/www.radiomais.ao\/index.php\/wp-json\/wp\/v2\/posts\/1570\/revisions\/1572"}],"wp:featuredmedia":[{"embeddable":true,"href":"https:\/\/www.radiomais.ao\/index.php\/wp-json\/wp\/v2\/media\/1571"}],"wp:attachment":[{"href":"https:\/\/www.radiomais.ao\/index.php\/wp-json\/wp\/v2\/media?parent=1570"}],"wp:term":[{"taxonomy":"category","embeddable":true,"href":"https:\/\/www.radiomais.ao\/index.php\/wp-json\/wp\/v2\/categories?post=1570"},{"taxonomy":"post_tag","embeddable":true,"href":"https:\/\/www.radiomais.ao\/index.php\/wp-json\/wp\/v2\/tags?post=1570"}],"curies":[{"name":"wp","href":"https:\/\/api.w.org\/{rel}","templated":true}]}}