{"id":1576,"date":"2025-08-20T11:50:34","date_gmt":"2025-08-20T10:50:34","guid":{"rendered":"https:\/\/www.radiomais.ao\/?p=1576"},"modified":"2025-08-20T11:50:34","modified_gmt":"2025-08-20T10:50:34","slug":"taag-abre-rota-luanda-nairobi-a-partir-de-setembro","status":"publish","type":"post","link":"https:\/\/www.radiomais.ao\/index.php\/2025\/08\/20\/taag-abre-rota-luanda-nairobi-a-partir-de-setembro\/","title":{"rendered":"TAAG abre rota Luanda\/Nairobi a partir de Setembro."},"content":{"rendered":"\n<p>A TAAG\u2013Linhas \u00c1ereas de Angola anunciou que a partir de 1 de Setembro do corrente ano vai operar a rota Luanda\/Nairobi (Qu\u00e9nia), cuja frequ\u00eancia ser\u00e1 de tr\u00eas dias semanais. Fonte <strong><em><a href=\"https:\/\/www.opais.ao\/sociedade\/taag-abre-rota-luanda-nairobi-a-partir-de-setembro\/\">Opa\u00eds<\/a><\/em><\/strong><\/p>\n","protected":false},"excerpt":{"rendered":"<p>A TAAG\u2013Linhas \u00c1ereas de Angola anunciou que a partir de 1 de Setembro do corrente ano vai operar a rota Luanda\/Nairobi (Qu\u00e9nia), cuja frequ\u00eancia ser\u00e1 de tr\u00eas dias semanais. Fonte Opa\u00eds<\/p>\n","protected":false},"author":3,"featured_media":1577,"comment_status":"open","ping_status":"open","sticky":false,"template":"","format":"standard","meta":{"footnotes":""},"categories":[16],"tags":[207],"class_list":["post-1576","post","type-post","status-publish","format-standard","has-post-thumbnail","hentry","category-actualidade","tag-taag-abre-rota"],"blocksy_meta":[],"_links":{"self":[{"href":"https:\/\/www.radiomais.ao\/index.php\/wp-json\/wp\/v2\/posts\/1576","targetHints":{"allow":["GET"]}}],"collection":[{"href":"https:\/\/www.radiomais.ao\/index.php\/wp-json\/wp\/v2\/posts"}],"about":[{"href":"https:\/\/www.radiomais.ao\/index.php\/wp-json\/wp\/v2\/types\/post"}],"author":[{"embeddable":true,"href":"https:\/\/www.radiomais.ao\/index.php\/wp-json\/wp\/v2\/users\/3"}],"replies":[{"embeddable":true,"href":"https:\/\/www.radiomais.ao\/index.php\/wp-json\/wp\/v2\/comments?post=1576"}],"version-history":[{"count":1,"href":"https:\/\/www.radiomais.ao\/index.php\/wp-json\/wp\/v2\/posts\/1576\/revisions"}],"predecessor-version":[{"id":1578,"href":"https:\/\/www.radiomais.ao\/index.php\/wp-json\/wp\/v2\/posts\/1576\/revisions\/1578"}],"wp:featuredmedia":[{"embeddable":true,"href":"https:\/\/www.radiomais.ao\/index.php\/wp-json\/wp\/v2\/media\/1577"}],"wp:attachment":[{"href":"https:\/\/www.radiomais.ao\/index.php\/wp-json\/wp\/v2\/media?parent=1576"}],"wp:term":[{"taxonomy":"category","embeddable":true,"href":"https:\/\/www.radiomais.ao\/index.php\/wp-json\/wp\/v2\/categories?post=1576"},{"taxonomy":"post_tag","embeddable":true,"href":"https:\/\/www.radiomais.ao\/index.php\/wp-json\/wp\/v2\/tags?post=1576"}],"curies":[{"name":"wp","href":"https:\/\/api.w.org\/{rel}","templated":true}]}}