{"id":1579,"date":"2025-08-20T13:17:16","date_gmt":"2025-08-20T12:17:16","guid":{"rendered":"https:\/\/www.radiomais.ao\/?p=1579"},"modified":"2025-08-20T13:17:16","modified_gmt":"2025-08-20T12:17:16","slug":"tabanka-djaz-em-duplo-concerto-ao-vivo-em-angola","status":"publish","type":"post","link":"https:\/\/www.radiomais.ao\/index.php\/2025\/08\/20\/tabanka-djaz-em-duplo-concerto-ao-vivo-em-angola\/","title":{"rendered":"Tabanka Djaz em duplo concerto ao vivo em Angola."},"content":{"rendered":"\n<p>Nos dias 22 e 23 de Agosto, o renomado grupo musical da Guin\u00e9-Bissau, Tabanka Djaz vai realizar dois concertos seguidos ao vivo em Luanda. Na sexta-feira, 22, o conjunto vai estar no Centro de Confer\u00eancias de Belas (CCB), a partir das 21 horas, para levar o p\u00fablico ao rubro com os v\u00e1rios temas do seu vasto repert\u00f3rio musical. Fonte <strong><em><a href=\"https:\/\/www.opais.ao\/cultura\/tabanka-djaz-em-duplo-concerto-ao-vivo-em-angola\/\">Opa\u00eds<\/a><\/em><\/strong><\/p>\n\n\n\n<p><\/p>\n","protected":false},"excerpt":{"rendered":"<p>Nos dias 22 e 23 de Agosto, o renomado grupo musical da Guin\u00e9-Bissau, Tabanka Djaz vai realizar dois concertos seguidos ao vivo em Luanda. Na sexta-feira, 22, o conjunto vai estar no Centro de Confer\u00eancias de Belas (CCB), a partir das 21 horas, para levar o p\u00fablico ao rubro com os v\u00e1rios temas do seu [&hellip;]<\/p>\n","protected":false},"author":3,"featured_media":1580,"comment_status":"open","ping_status":"open","sticky":false,"template":"","format":"standard","meta":{"footnotes":""},"categories":[16],"tags":[211,210,208,209],"class_list":["post-1579","post","type-post","status-publish","format-standard","has-post-thumbnail","hentry","category-actualidade","tag-ao-vivo","tag-concerto","tag-musica","tag-tabanka-djaz"],"blocksy_meta":[],"_links":{"self":[{"href":"https:\/\/www.radiomais.ao\/index.php\/wp-json\/wp\/v2\/posts\/1579","targetHints":{"allow":["GET"]}}],"collection":[{"href":"https:\/\/www.radiomais.ao\/index.php\/wp-json\/wp\/v2\/posts"}],"about":[{"href":"https:\/\/www.radiomais.ao\/index.php\/wp-json\/wp\/v2\/types\/post"}],"author":[{"embeddable":true,"href":"https:\/\/www.radiomais.ao\/index.php\/wp-json\/wp\/v2\/users\/3"}],"replies":[{"embeddable":true,"href":"https:\/\/www.radiomais.ao\/index.php\/wp-json\/wp\/v2\/comments?post=1579"}],"version-history":[{"count":1,"href":"https:\/\/www.radiomais.ao\/index.php\/wp-json\/wp\/v2\/posts\/1579\/revisions"}],"predecessor-version":[{"id":1581,"href":"https:\/\/www.radiomais.ao\/index.php\/wp-json\/wp\/v2\/posts\/1579\/revisions\/1581"}],"wp:featuredmedia":[{"embeddable":true,"href":"https:\/\/www.radiomais.ao\/index.php\/wp-json\/wp\/v2\/media\/1580"}],"wp:attachment":[{"href":"https:\/\/www.radiomais.ao\/index.php\/wp-json\/wp\/v2\/media?parent=1579"}],"wp:term":[{"taxonomy":"category","embeddable":true,"href":"https:\/\/www.radiomais.ao\/index.php\/wp-json\/wp\/v2\/categories?post=1579"},{"taxonomy":"post_tag","embeddable":true,"href":"https:\/\/www.radiomais.ao\/index.php\/wp-json\/wp\/v2\/tags?post=1579"}],"curies":[{"name":"wp","href":"https:\/\/api.w.org\/{rel}","templated":true}]}}