{"id":1590,"date":"2025-08-21T10:57:32","date_gmt":"2025-08-21T09:57:32","guid":{"rendered":"https:\/\/www.radiomais.ao\/?p=1590"},"modified":"2025-08-21T11:00:10","modified_gmt":"2025-08-21T10:00:10","slug":"joao-lourenco-exorta-a-cooperacao-multilateral-e-ao-reforco-da-parceria-japao-africa-na-9-a-edicao-da-ticad","status":"publish","type":"post","link":"https:\/\/www.radiomais.ao\/index.php\/2025\/08\/21\/joao-lourenco-exorta-a-cooperacao-multilateral-e-ao-reforco-da-parceria-japao-africa-na-9-a-edicao-da-ticad\/","title":{"rendered":"Jo\u00e3o Louren\u00e7o exorta \u00e0 coopera\u00e7\u00e3o multilateral e ao refor\u00e7o da parceria Jap\u00e3o-\u00c1frica na 9.\u00aa edi\u00e7\u00e3o da TICAD."},"content":{"rendered":"\n<p><strong>A cidade de Yokohama acolheu, nesta quarta-feira, 20 de Agosto, a abertura da 9.\u00aa edi\u00e7\u00e3o da Confer\u00eancia Internacional de T\u00f3quio sobre o Desenvolvimento de \u00c1frica (TICAD 2025), uma plataforma de di\u00e1logo e coopera\u00e7\u00e3o entre o continente africano e o Jap\u00e3o, criada em 1993. O encontro, que decorre at\u00e9 sexta-feira, 22, junta Chefes de Estado e de Governo africanos, altos funcion\u00e1rios da ONU, executivos do Banco Mundial, representantes da sociedade civil e empres\u00e1rios. Na sess\u00e3o inaugural do evento, discursaram o Secret\u00e1rio-Geral das Na\u00e7\u00f5es Unidas, Ant\u00f3nio Guterres, o Primeiro-Ministro japon\u00eas, Shigeru Ishiba, e o Presidente da Rep\u00fablica de Angola, Jo\u00e3o Louren\u00e7o, que co-preside o evento na qualidade de Presidente em exerc\u00edcio da Uni\u00e3o Africana (UA)<\/strong> Fonte <strong><em><a href=\"https:\/\/www.opais.ao\/politica\/joao-lourenco-exorta-a-cooperacao-multilateral-e-ao-reforco-da-parceria-japao-africa-na-9-a-edicao-da-ticad\/\">Opa\u00eds.<\/a><\/em><\/strong><\/p>\n","protected":false},"excerpt":{"rendered":"<p>A cidade de Yokohama acolheu, nesta quarta-feira, 20 de Agosto, a abertura da 9.\u00aa edi\u00e7\u00e3o da Confer\u00eancia Internacional de T\u00f3quio sobre o Desenvolvimento de \u00c1frica (TICAD 2025), uma plataforma de di\u00e1logo e coopera\u00e7\u00e3o entre o continente africano e o Jap\u00e3o, criada em 1993. O encontro, que decorre at\u00e9 sexta-feira, 22, junta Chefes de Estado e [&hellip;]<\/p>\n","protected":false},"author":3,"featured_media":1591,"comment_status":"open","ping_status":"open","sticky":false,"template":"","format":"standard","meta":{"footnotes":""},"categories":[],"tags":[22,214,132],"class_list":["post-1590","post","type-post","status-publish","format-standard","has-post-thumbnail","hentry","tag-destaque","tag-exorta-a-cooperacao-multilateral","tag-pr"],"blocksy_meta":[],"_links":{"self":[{"href":"https:\/\/www.radiomais.ao\/index.php\/wp-json\/wp\/v2\/posts\/1590","targetHints":{"allow":["GET"]}}],"collection":[{"href":"https:\/\/www.radiomais.ao\/index.php\/wp-json\/wp\/v2\/posts"}],"about":[{"href":"https:\/\/www.radiomais.ao\/index.php\/wp-json\/wp\/v2\/types\/post"}],"author":[{"embeddable":true,"href":"https:\/\/www.radiomais.ao\/index.php\/wp-json\/wp\/v2\/users\/3"}],"replies":[{"embeddable":true,"href":"https:\/\/www.radiomais.ao\/index.php\/wp-json\/wp\/v2\/comments?post=1590"}],"version-history":[{"count":1,"href":"https:\/\/www.radiomais.ao\/index.php\/wp-json\/wp\/v2\/posts\/1590\/revisions"}],"predecessor-version":[{"id":1592,"href":"https:\/\/www.radiomais.ao\/index.php\/wp-json\/wp\/v2\/posts\/1590\/revisions\/1592"}],"wp:featuredmedia":[{"embeddable":true,"href":"https:\/\/www.radiomais.ao\/index.php\/wp-json\/wp\/v2\/media\/1591"}],"wp:attachment":[{"href":"https:\/\/www.radiomais.ao\/index.php\/wp-json\/wp\/v2\/media?parent=1590"}],"wp:term":[{"taxonomy":"category","embeddable":true,"href":"https:\/\/www.radiomais.ao\/index.php\/wp-json\/wp\/v2\/categories?post=1590"},{"taxonomy":"post_tag","embeddable":true,"href":"https:\/\/www.radiomais.ao\/index.php\/wp-json\/wp\/v2\/tags?post=1590"}],"curies":[{"name":"wp","href":"https:\/\/api.w.org\/{rel}","templated":true}]}}