{"id":1599,"date":"2025-08-21T11:25:51","date_gmt":"2025-08-21T10:25:51","guid":{"rendered":"https:\/\/www.radiomais.ao\/?p=1599"},"modified":"2025-08-21T11:25:51","modified_gmt":"2025-08-21T10:25:51","slug":"taxa-de-inclusao-digital-na-provincia-da-huila-em-torno-de-16","status":"publish","type":"post","link":"https:\/\/www.radiomais.ao\/index.php\/2025\/08\/21\/taxa-de-inclusao-digital-na-provincia-da-huila-em-torno-de-16\/","title":{"rendered":"Taxa de inclus\u00e3o digital na prov\u00edncia da Hu\u00edla em torno de 16%."},"content":{"rendered":"\n<p><strong>A prov\u00edncia da Hu\u00edla, com mais de dois milh\u00f5es de habitantes, possui uma taxa de inclus\u00e3o digital em torno de 16%, de acordo com informa\u00e7\u00f5es avan\u00e7adas, ontem, nesta prov\u00edncia, pelo presidente do Conselho de Administra\u00e7\u00e3o do Banco de Poupan\u00e7a e Cr\u00e9dito (BPC), Cl\u00e1udio Pinheiro<\/strong>. Fonte <strong><em><a href=\"https:\/\/www.opais.ao\/economia\/taxa-de-inclusao-digital-na-provincia-da-huila-em-torno-de-16\/\">Opa\u00eds<\/a><\/em><\/strong><\/p>\n\n\n\n<p><\/p>\n","protected":false},"excerpt":{"rendered":"<p>A prov\u00edncia da Hu\u00edla, com mais de dois milh\u00f5es de habitantes, possui uma taxa de inclus\u00e3o digital em torno de 16%, de acordo com informa\u00e7\u00f5es avan\u00e7adas, ontem, nesta prov\u00edncia, pelo presidente do Conselho de Administra\u00e7\u00e3o do Banco de Poupan\u00e7a e Cr\u00e9dito (BPC), Cl\u00e1udio Pinheiro. Fonte Opa\u00eds<\/p>\n","protected":false},"author":3,"featured_media":1600,"comment_status":"open","ping_status":"open","sticky":false,"template":"","format":"standard","meta":{"footnotes":""},"categories":[16],"tags":[217],"class_list":["post-1599","post","type-post","status-publish","format-standard","has-post-thumbnail","hentry","category-actualidade","tag-taxa-de-inclusao-digital-na-provincia-da-huila-em-torno-de-16"],"blocksy_meta":[],"_links":{"self":[{"href":"https:\/\/www.radiomais.ao\/index.php\/wp-json\/wp\/v2\/posts\/1599","targetHints":{"allow":["GET"]}}],"collection":[{"href":"https:\/\/www.radiomais.ao\/index.php\/wp-json\/wp\/v2\/posts"}],"about":[{"href":"https:\/\/www.radiomais.ao\/index.php\/wp-json\/wp\/v2\/types\/post"}],"author":[{"embeddable":true,"href":"https:\/\/www.radiomais.ao\/index.php\/wp-json\/wp\/v2\/users\/3"}],"replies":[{"embeddable":true,"href":"https:\/\/www.radiomais.ao\/index.php\/wp-json\/wp\/v2\/comments?post=1599"}],"version-history":[{"count":1,"href":"https:\/\/www.radiomais.ao\/index.php\/wp-json\/wp\/v2\/posts\/1599\/revisions"}],"predecessor-version":[{"id":1601,"href":"https:\/\/www.radiomais.ao\/index.php\/wp-json\/wp\/v2\/posts\/1599\/revisions\/1601"}],"wp:featuredmedia":[{"embeddable":true,"href":"https:\/\/www.radiomais.ao\/index.php\/wp-json\/wp\/v2\/media\/1600"}],"wp:attachment":[{"href":"https:\/\/www.radiomais.ao\/index.php\/wp-json\/wp\/v2\/media?parent=1599"}],"wp:term":[{"taxonomy":"category","embeddable":true,"href":"https:\/\/www.radiomais.ao\/index.php\/wp-json\/wp\/v2\/categories?post=1599"},{"taxonomy":"post_tag","embeddable":true,"href":"https:\/\/www.radiomais.ao\/index.php\/wp-json\/wp\/v2\/tags?post=1599"}],"curies":[{"name":"wp","href":"https:\/\/api.w.org\/{rel}","templated":true}]}}