{"id":1602,"date":"2025-08-21T11:35:04","date_gmt":"2025-08-21T10:35:04","guid":{"rendered":"https:\/\/www.radiomais.ao\/?p=1602"},"modified":"2025-08-21T11:35:04","modified_gmt":"2025-08-21T10:35:04","slug":"campanha-de-vacinacao-da-polio-supera-expectativa-no-huambo","status":"publish","type":"post","link":"https:\/\/www.radiomais.ao\/index.php\/2025\/08\/21\/campanha-de-vacinacao-da-polio-supera-expectativa-no-huambo\/","title":{"rendered":"Campanha de vacina\u00e7\u00e3o da p\u00f3lio supera expectativa no Huambo."},"content":{"rendered":"\n<p>A campanha de vacina\u00e7\u00e3o contra a poliomielite, decorrida no \u00faltimo fim-desemana, no pa\u00eds, ultrapassou as expectativas das autoridades sanit\u00e1rias da prov\u00edncia do Huambo, que imunizaram 642 mil 599 menores de cinco anos, contra os 625 mil 488 previstos. Fonte <strong><em><a href=\"https:\/\/www.opais.ao\/sociedade\/campanha-de-vacinacao-da-polio-supera-expectativa-no-huambo\/\">Opa\u00eds<\/a><\/em><\/strong><\/p>\n\n\n\n<p><\/p>\n","protected":false},"excerpt":{"rendered":"<p>A campanha de vacina\u00e7\u00e3o contra a poliomielite, decorrida no \u00faltimo fim-desemana, no pa\u00eds, ultrapassou as expectativas das autoridades sanit\u00e1rias da prov\u00edncia do Huambo, que imunizaram 642 mil 599 menores de cinco anos, contra os 625 mil 488 previstos. Fonte Opa\u00eds<\/p>\n","protected":false},"author":3,"featured_media":1603,"comment_status":"open","ping_status":"open","sticky":false,"template":"","format":"standard","meta":{"footnotes":""},"categories":[16],"tags":[218,220,219],"class_list":["post-1602","post","type-post","status-publish","format-standard","has-post-thumbnail","hentry","category-actualidade","tag-campanha-de-vacinacao","tag-expectativas","tag-polio"],"blocksy_meta":[],"_links":{"self":[{"href":"https:\/\/www.radiomais.ao\/index.php\/wp-json\/wp\/v2\/posts\/1602","targetHints":{"allow":["GET"]}}],"collection":[{"href":"https:\/\/www.radiomais.ao\/index.php\/wp-json\/wp\/v2\/posts"}],"about":[{"href":"https:\/\/www.radiomais.ao\/index.php\/wp-json\/wp\/v2\/types\/post"}],"author":[{"embeddable":true,"href":"https:\/\/www.radiomais.ao\/index.php\/wp-json\/wp\/v2\/users\/3"}],"replies":[{"embeddable":true,"href":"https:\/\/www.radiomais.ao\/index.php\/wp-json\/wp\/v2\/comments?post=1602"}],"version-history":[{"count":1,"href":"https:\/\/www.radiomais.ao\/index.php\/wp-json\/wp\/v2\/posts\/1602\/revisions"}],"predecessor-version":[{"id":1604,"href":"https:\/\/www.radiomais.ao\/index.php\/wp-json\/wp\/v2\/posts\/1602\/revisions\/1604"}],"wp:featuredmedia":[{"embeddable":true,"href":"https:\/\/www.radiomais.ao\/index.php\/wp-json\/wp\/v2\/media\/1603"}],"wp:attachment":[{"href":"https:\/\/www.radiomais.ao\/index.php\/wp-json\/wp\/v2\/media?parent=1602"}],"wp:term":[{"taxonomy":"category","embeddable":true,"href":"https:\/\/www.radiomais.ao\/index.php\/wp-json\/wp\/v2\/categories?post=1602"},{"taxonomy":"post_tag","embeddable":true,"href":"https:\/\/www.radiomais.ao\/index.php\/wp-json\/wp\/v2\/tags?post=1602"}],"curies":[{"name":"wp","href":"https:\/\/api.w.org\/{rel}","templated":true}]}}