{"id":1605,"date":"2025-08-21T11:45:33","date_gmt":"2025-08-21T10:45:33","guid":{"rendered":"https:\/\/www.radiomais.ao\/?p=1605"},"modified":"2025-08-21T12:39:23","modified_gmt":"2025-08-21T11:39:23","slug":"malanje-inicia-hoje-campanha-de-cirurgias-ao-labio-leporino-e-fenda-palatina","status":"publish","type":"post","link":"https:\/\/www.radiomais.ao\/index.php\/2025\/08\/21\/malanje-inicia-hoje-campanha-de-cirurgias-ao-labio-leporino-e-fenda-palatina\/","title":{"rendered":"Malanje inicia hoje campanha de cirurgias ao l\u00e1bio leporino e fenda palatina."},"content":{"rendered":"\n<p>A prov\u00edncia de Malanje d\u00e1 in\u00edcio, a partir desta quinta-feira, no Hospital Geral, uma campanha de cirurgia maxilo-facial ao l\u00e1bio leporino e fenda palatina, cuja previs\u00e3o de t\u00e9rmino ser\u00e1 no dia 27 do corrente m\u00eas. Fonte <strong><em><a href=\"https:\/\/www.opais.ao\/sociedade\/malanje-inicia-hoje-campanha-de-cirurgias-ao-labio-leporino-e-fenda-palatina\/\">Opa\u00eds<\/a><\/em><\/strong><\/p>\n","protected":false},"excerpt":{"rendered":"<p>A prov\u00edncia de Malanje d\u00e1 in\u00edcio, a partir desta quinta-feira, no Hospital Geral, uma campanha de cirurgia maxilo-facial ao l\u00e1bio leporino e fenda palatina, cuja previs\u00e3o de t\u00e9rmino ser\u00e1 no dia 27 do corrente m\u00eas. Fonte Opa\u00eds<\/p>\n","protected":false},"author":3,"featured_media":1611,"comment_status":"open","ping_status":"open","sticky":false,"template":"","format":"standard","meta":{"footnotes":""},"categories":[1],"tags":[222,223,224,221],"class_list":["post-1605","post","type-post","status-publish","format-standard","has-post-thumbnail","hentry","category-uncategorized","tag-cirurgia","tag-labio","tag-leporino","tag-malanje"],"blocksy_meta":[],"_links":{"self":[{"href":"https:\/\/www.radiomais.ao\/index.php\/wp-json\/wp\/v2\/posts\/1605","targetHints":{"allow":["GET"]}}],"collection":[{"href":"https:\/\/www.radiomais.ao\/index.php\/wp-json\/wp\/v2\/posts"}],"about":[{"href":"https:\/\/www.radiomais.ao\/index.php\/wp-json\/wp\/v2\/types\/post"}],"author":[{"embeddable":true,"href":"https:\/\/www.radiomais.ao\/index.php\/wp-json\/wp\/v2\/users\/3"}],"replies":[{"embeddable":true,"href":"https:\/\/www.radiomais.ao\/index.php\/wp-json\/wp\/v2\/comments?post=1605"}],"version-history":[{"count":1,"href":"https:\/\/www.radiomais.ao\/index.php\/wp-json\/wp\/v2\/posts\/1605\/revisions"}],"predecessor-version":[{"id":1607,"href":"https:\/\/www.radiomais.ao\/index.php\/wp-json\/wp\/v2\/posts\/1605\/revisions\/1607"}],"wp:featuredmedia":[{"embeddable":true,"href":"https:\/\/www.radiomais.ao\/index.php\/wp-json\/wp\/v2\/media\/1611"}],"wp:attachment":[{"href":"https:\/\/www.radiomais.ao\/index.php\/wp-json\/wp\/v2\/media?parent=1605"}],"wp:term":[{"taxonomy":"category","embeddable":true,"href":"https:\/\/www.radiomais.ao\/index.php\/wp-json\/wp\/v2\/categories?post=1605"},{"taxonomy":"post_tag","embeddable":true,"href":"https:\/\/www.radiomais.ao\/index.php\/wp-json\/wp\/v2\/tags?post=1605"}],"curies":[{"name":"wp","href":"https:\/\/api.w.org\/{rel}","templated":true}]}}