{"id":1608,"date":"2025-08-21T12:36:29","date_gmt":"2025-08-21T11:36:29","guid":{"rendered":"https:\/\/www.radiomais.ao\/?p=1608"},"modified":"2025-08-21T12:36:29","modified_gmt":"2025-08-21T11:36:29","slug":"tribunal-condena-enfermeira-da-maternidade-augusto-ngangula-pela-morte-de-parturiente","status":"publish","type":"post","link":"https:\/\/www.radiomais.ao\/index.php\/2025\/08\/21\/tribunal-condena-enfermeira-da-maternidade-augusto-ngangula-pela-morte-de-parturiente\/","title":{"rendered":"Tribunal condena enfermeira da Maternidade Augusto Ngangula pela morte de parturiente."},"content":{"rendered":"\n<p><strong>O Tribunal Provincial de Luanda condenou a enfermeira Dilma Jacira Diogo Clemente Pomp\u00edlio, da Maternidade Augusto Ngangula, a tr\u00eas anos de pris\u00e3o suspensa, acusada de ter prescrito um f\u00e1rmaco impr\u00f3prio a uma parturiente, que acabou por falecer no ano passado<\/strong>. Fonte <strong><em><a href=\"http:\/\/O Tribunal Provincial de Luanda condenou a enfermeira Dilma Jacira Diogo Clemente Pomp\u00edlio, da Maternidade Augusto Ngangula, a tr\u00eas anos de pris\u00e3o suspensa, acusada de ter prescrito um f\u00e1rmaco impr\u00f3prio a uma parturiente, que acabou por falecer no ano passado\">Opa\u00eds<\/a><\/em><\/strong><\/p>\n","protected":false},"excerpt":{"rendered":"<p>O Tribunal Provincial de Luanda condenou a enfermeira Dilma Jacira Diogo Clemente Pomp\u00edlio, da Maternidade Augusto Ngangula, a tr\u00eas anos de pris\u00e3o suspensa, acusada de ter prescrito um f\u00e1rmaco impr\u00f3prio a uma parturiente, que acabou por falecer no ano passado. Fonte Opa\u00eds<\/p>\n","protected":false},"author":3,"featured_media":1609,"comment_status":"open","ping_status":"open","sticky":false,"template":"","format":"standard","meta":{"footnotes":""},"categories":[16],"tags":[226,225],"class_list":["post-1608","post","type-post","status-publish","format-standard","has-post-thumbnail","hentry","category-actualidade","tag-condena-enfermeira","tag-tribunal"],"blocksy_meta":[],"_links":{"self":[{"href":"https:\/\/www.radiomais.ao\/index.php\/wp-json\/wp\/v2\/posts\/1608","targetHints":{"allow":["GET"]}}],"collection":[{"href":"https:\/\/www.radiomais.ao\/index.php\/wp-json\/wp\/v2\/posts"}],"about":[{"href":"https:\/\/www.radiomais.ao\/index.php\/wp-json\/wp\/v2\/types\/post"}],"author":[{"embeddable":true,"href":"https:\/\/www.radiomais.ao\/index.php\/wp-json\/wp\/v2\/users\/3"}],"replies":[{"embeddable":true,"href":"https:\/\/www.radiomais.ao\/index.php\/wp-json\/wp\/v2\/comments?post=1608"}],"version-history":[{"count":1,"href":"https:\/\/www.radiomais.ao\/index.php\/wp-json\/wp\/v2\/posts\/1608\/revisions"}],"predecessor-version":[{"id":1610,"href":"https:\/\/www.radiomais.ao\/index.php\/wp-json\/wp\/v2\/posts\/1608\/revisions\/1610"}],"wp:featuredmedia":[{"embeddable":true,"href":"https:\/\/www.radiomais.ao\/index.php\/wp-json\/wp\/v2\/media\/1609"}],"wp:attachment":[{"href":"https:\/\/www.radiomais.ao\/index.php\/wp-json\/wp\/v2\/media?parent=1608"}],"wp:term":[{"taxonomy":"category","embeddable":true,"href":"https:\/\/www.radiomais.ao\/index.php\/wp-json\/wp\/v2\/categories?post=1608"},{"taxonomy":"post_tag","embeddable":true,"href":"https:\/\/www.radiomais.ao\/index.php\/wp-json\/wp\/v2\/tags?post=1608"}],"curies":[{"name":"wp","href":"https:\/\/api.w.org\/{rel}","templated":true}]}}