{"id":1612,"date":"2025-08-21T12:42:59","date_gmt":"2025-08-21T11:42:59","guid":{"rendered":"https:\/\/www.radiomais.ao\/?p=1612"},"modified":"2025-08-21T12:42:59","modified_gmt":"2025-08-21T11:42:59","slug":"mais-de-70-de-jovens-mulheres-em-angola-vivem-com-o-hiv-sida","status":"publish","type":"post","link":"https:\/\/www.radiomais.ao\/index.php\/2025\/08\/21\/mais-de-70-de-jovens-mulheres-em-angola-vivem-com-o-hiv-sida\/","title":{"rendered":"Mais de 70% de jovens mulheres em Angola vivem com o HIV-SIDA."},"content":{"rendered":"\n<p>O presidente da Associa\u00e7\u00e3o Jovens Acad\u00e9micos Solid\u00e1rios de Angola, Fernando Canhina, revelou, nesta quarta-feira, em Benguela, que mais de 36 mil jovens em Angola, com destaque para o sexo feminino, vivem com o HIV-SIDA em Angola. Fonte <strong><em><a href=\"https:\/\/www.opais.ao\/sociedade\/mais-de-70-de-jovens-mulheres-em-angola-vivem-com-o-hiv-sida\/\">Opa\u00eds<\/a><\/em><\/strong><\/p>\n","protected":false},"excerpt":{"rendered":"<p>O presidente da Associa\u00e7\u00e3o Jovens Acad\u00e9micos Solid\u00e1rios de Angola, Fernando Canhina, revelou, nesta quarta-feira, em Benguela, que mais de 36 mil jovens em Angola, com destaque para o sexo feminino, vivem com o HIV-SIDA em Angola. Fonte Opa\u00eds<\/p>\n","protected":false},"author":3,"featured_media":1613,"comment_status":"open","ping_status":"open","sticky":false,"template":"","format":"standard","meta":{"footnotes":""},"categories":[16],"tags":[227,228,229,82],"class_list":["post-1612","post","type-post","status-publish","format-standard","has-post-thumbnail","hentry","category-actualidade","tag-hiv","tag-jovens","tag-mulheres","tag-sida"],"blocksy_meta":[],"_links":{"self":[{"href":"https:\/\/www.radiomais.ao\/index.php\/wp-json\/wp\/v2\/posts\/1612","targetHints":{"allow":["GET"]}}],"collection":[{"href":"https:\/\/www.radiomais.ao\/index.php\/wp-json\/wp\/v2\/posts"}],"about":[{"href":"https:\/\/www.radiomais.ao\/index.php\/wp-json\/wp\/v2\/types\/post"}],"author":[{"embeddable":true,"href":"https:\/\/www.radiomais.ao\/index.php\/wp-json\/wp\/v2\/users\/3"}],"replies":[{"embeddable":true,"href":"https:\/\/www.radiomais.ao\/index.php\/wp-json\/wp\/v2\/comments?post=1612"}],"version-history":[{"count":1,"href":"https:\/\/www.radiomais.ao\/index.php\/wp-json\/wp\/v2\/posts\/1612\/revisions"}],"predecessor-version":[{"id":1614,"href":"https:\/\/www.radiomais.ao\/index.php\/wp-json\/wp\/v2\/posts\/1612\/revisions\/1614"}],"wp:featuredmedia":[{"embeddable":true,"href":"https:\/\/www.radiomais.ao\/index.php\/wp-json\/wp\/v2\/media\/1613"}],"wp:attachment":[{"href":"https:\/\/www.radiomais.ao\/index.php\/wp-json\/wp\/v2\/media?parent=1612"}],"wp:term":[{"taxonomy":"category","embeddable":true,"href":"https:\/\/www.radiomais.ao\/index.php\/wp-json\/wp\/v2\/categories?post=1612"},{"taxonomy":"post_tag","embeddable":true,"href":"https:\/\/www.radiomais.ao\/index.php\/wp-json\/wp\/v2\/tags?post=1612"}],"curies":[{"name":"wp","href":"https:\/\/api.w.org\/{rel}","templated":true}]}}