{"id":1615,"date":"2025-08-21T12:48:16","date_gmt":"2025-08-21T11:48:16","guid":{"rendered":"https:\/\/www.radiomais.ao\/?p=1615"},"modified":"2025-08-21T12:48:16","modified_gmt":"2025-08-21T11:48:16","slug":"angola-e-cabo-verde-discutem-passe-para-as-meias-finais","status":"publish","type":"post","link":"https:\/\/www.radiomais.ao\/index.php\/2025\/08\/21\/angola-e-cabo-verde-discutem-passe-para-as-meias-finais\/","title":{"rendered":"Angola e Cabo Verde discutem passe para as meias-finais."},"content":{"rendered":"\n<p><strong>No Arena do Kilamba, em Luanda, a Selec\u00e7\u00e3o Nacional luta por uma vaga rumo \u00e0s meias-finais do Afrobasket diante de Cabo Verde, advers\u00e1rio que, na prova realizada em Abidjan em 2013, C\u00f4te D\u2019Ivoire, perdeu para Angola por 50-75<\/strong>. Fonte <strong><em><a href=\"https:\/\/www.opais.ao\/desporto\/angola-e-cabo-verde-discutem-passe-para-as-meias-finais\/\">Opa\u00eds<\/a><\/em><\/strong><\/p>\n","protected":false},"excerpt":{"rendered":"<p>No Arena do Kilamba, em Luanda, a Selec\u00e7\u00e3o Nacional luta por uma vaga rumo \u00e0s meias-finais do Afrobasket diante de Cabo Verde, advers\u00e1rio que, na prova realizada em Abidjan em 2013, C\u00f4te D\u2019Ivoire, perdeu para Angola por 50-75. Fonte Opa\u00eds<\/p>\n","protected":false},"author":3,"featured_media":1616,"comment_status":"open","ping_status":"open","sticky":false,"template":"","format":"standard","meta":{"footnotes":""},"categories":[16],"tags":[230,231],"class_list":["post-1615","post","type-post","status-publish","format-standard","has-post-thumbnail","hentry","category-actualidade","tag-angola-e-cabo-verde","tag-discutem-passe-para-meia-finais"],"blocksy_meta":[],"_links":{"self":[{"href":"https:\/\/www.radiomais.ao\/index.php\/wp-json\/wp\/v2\/posts\/1615","targetHints":{"allow":["GET"]}}],"collection":[{"href":"https:\/\/www.radiomais.ao\/index.php\/wp-json\/wp\/v2\/posts"}],"about":[{"href":"https:\/\/www.radiomais.ao\/index.php\/wp-json\/wp\/v2\/types\/post"}],"author":[{"embeddable":true,"href":"https:\/\/www.radiomais.ao\/index.php\/wp-json\/wp\/v2\/users\/3"}],"replies":[{"embeddable":true,"href":"https:\/\/www.radiomais.ao\/index.php\/wp-json\/wp\/v2\/comments?post=1615"}],"version-history":[{"count":1,"href":"https:\/\/www.radiomais.ao\/index.php\/wp-json\/wp\/v2\/posts\/1615\/revisions"}],"predecessor-version":[{"id":1617,"href":"https:\/\/www.radiomais.ao\/index.php\/wp-json\/wp\/v2\/posts\/1615\/revisions\/1617"}],"wp:featuredmedia":[{"embeddable":true,"href":"https:\/\/www.radiomais.ao\/index.php\/wp-json\/wp\/v2\/media\/1616"}],"wp:attachment":[{"href":"https:\/\/www.radiomais.ao\/index.php\/wp-json\/wp\/v2\/media?parent=1615"}],"wp:term":[{"taxonomy":"category","embeddable":true,"href":"https:\/\/www.radiomais.ao\/index.php\/wp-json\/wp\/v2\/categories?post=1615"},{"taxonomy":"post_tag","embeddable":true,"href":"https:\/\/www.radiomais.ao\/index.php\/wp-json\/wp\/v2\/tags?post=1615"}],"curies":[{"name":"wp","href":"https:\/\/api.w.org\/{rel}","templated":true}]}}