{"id":1618,"date":"2025-08-21T14:57:22","date_gmt":"2025-08-21T13:57:22","guid":{"rendered":"https:\/\/www.radiomais.ao\/?p=1618"},"modified":"2025-08-21T14:57:22","modified_gmt":"2025-08-21T13:57:22","slug":"pgr-reforca-investigacao-com-tecnicas-modernas-de-interrogatorio-e-prova-pericial","status":"publish","type":"post","link":"https:\/\/www.radiomais.ao\/index.php\/2025\/08\/21\/pgr-reforca-investigacao-com-tecnicas-modernas-de-interrogatorio-e-prova-pericial\/","title":{"rendered":"PGR refor\u00e7a investiga\u00e7\u00e3o com t\u00e9cnicas modernas de interrogat\u00f3rio e prova pericial."},"content":{"rendered":"\n<p><strong>A Procuradoria-Geral da Rep\u00fablica (PGR) defendeu, ontem, em Luanda, que a moderniza\u00e7\u00e3o da justi\u00e7a angolana depende da aplica\u00e7\u00e3o de m\u00e9todos cient\u00edficos de investiga\u00e7\u00e3o, capazes de fortalecer a busca da verdade processual sem violar direitos fundamentais<\/strong>. Fonte <strong><em><a href=\"https:\/\/www.opais.ao\/politica\/pgr-reforca-investigacao-com-tecnicas-modernas-de-interrogatorio-e-prova-pericial\/\">Opa\u00eds<\/a><\/em><\/strong><\/p>\n","protected":false},"excerpt":{"rendered":"<p>A Procuradoria-Geral da Rep\u00fablica (PGR) defendeu, ontem, em Luanda, que a moderniza\u00e7\u00e3o da justi\u00e7a angolana depende da aplica\u00e7\u00e3o de m\u00e9todos cient\u00edficos de investiga\u00e7\u00e3o, capazes de fortalecer a busca da verdade processual sem violar direitos fundamentais. Fonte Opa\u00eds<\/p>\n","protected":false},"author":3,"featured_media":1619,"comment_status":"open","ping_status":"open","sticky":false,"template":"","format":"standard","meta":{"footnotes":""},"categories":[16],"tags":[233,232],"class_list":["post-1618","post","type-post","status-publish","format-standard","has-post-thumbnail","hentry","category-actualidade","tag-helder-pitta-groz","tag-pgr"],"blocksy_meta":[],"_links":{"self":[{"href":"https:\/\/www.radiomais.ao\/index.php\/wp-json\/wp\/v2\/posts\/1618","targetHints":{"allow":["GET"]}}],"collection":[{"href":"https:\/\/www.radiomais.ao\/index.php\/wp-json\/wp\/v2\/posts"}],"about":[{"href":"https:\/\/www.radiomais.ao\/index.php\/wp-json\/wp\/v2\/types\/post"}],"author":[{"embeddable":true,"href":"https:\/\/www.radiomais.ao\/index.php\/wp-json\/wp\/v2\/users\/3"}],"replies":[{"embeddable":true,"href":"https:\/\/www.radiomais.ao\/index.php\/wp-json\/wp\/v2\/comments?post=1618"}],"version-history":[{"count":1,"href":"https:\/\/www.radiomais.ao\/index.php\/wp-json\/wp\/v2\/posts\/1618\/revisions"}],"predecessor-version":[{"id":1620,"href":"https:\/\/www.radiomais.ao\/index.php\/wp-json\/wp\/v2\/posts\/1618\/revisions\/1620"}],"wp:featuredmedia":[{"embeddable":true,"href":"https:\/\/www.radiomais.ao\/index.php\/wp-json\/wp\/v2\/media\/1619"}],"wp:attachment":[{"href":"https:\/\/www.radiomais.ao\/index.php\/wp-json\/wp\/v2\/media?parent=1618"}],"wp:term":[{"taxonomy":"category","embeddable":true,"href":"https:\/\/www.radiomais.ao\/index.php\/wp-json\/wp\/v2\/categories?post=1618"},{"taxonomy":"post_tag","embeddable":true,"href":"https:\/\/www.radiomais.ao\/index.php\/wp-json\/wp\/v2\/tags?post=1618"}],"curies":[{"name":"wp","href":"https:\/\/api.w.org\/{rel}","templated":true}]}}