{"id":1633,"date":"2025-08-22T12:04:17","date_gmt":"2025-08-22T11:04:17","guid":{"rendered":"https:\/\/www.radiomais.ao\/?p=1633"},"modified":"2025-08-22T12:04:17","modified_gmt":"2025-08-22T11:04:17","slug":"unita-insatisfeita-com-pacote-eleitoral-apesar-de-nao-ter-votado-contra","status":"publish","type":"post","link":"https:\/\/www.radiomais.ao\/index.php\/2025\/08\/22\/unita-insatisfeita-com-pacote-eleitoral-apesar-de-nao-ter-votado-contra\/","title":{"rendered":"UNITA insatisfeita com Pacote Eleitoral apesar de n\u00e3o ter votado contra."},"content":{"rendered":"\n<p><strong>A aprova\u00e7\u00e3o consensual do novo Pacote Legislativo-Eleitoral, sem votos contra nem absten\u00e7\u00f5es, foi apresentada como sinal de maturidade pol\u00edtica no Parlamento. Por\u00e9m, as leituras divergem entre os principais contendores pol\u00edticos \u2013 com o MPLA a garantir que as novas regras dissipam quaisquer d\u00favidas, enquanto a UNITA insiste que ainda existem \u201cfactos\u201d que comprometem a transpar\u00eancia, sobretudo quanto \u00e0 composi\u00e7\u00e3o da Comiss\u00e3o Nacional Eleitoral (CNE)<\/strong> Fonte <strong><em><a href=\"https:\/\/www.opais.ao\/politica\/unita-insatisfeita-com-pacote-eleitoral-apesar-de-nao-ter-votado-contra-mpla-minimiza-criticas\/\">Opa\u00eds.<\/a><\/em><\/strong><\/p>\n","protected":false},"excerpt":{"rendered":"<p>A aprova\u00e7\u00e3o consensual do novo Pacote Legislativo-Eleitoral, sem votos contra nem absten\u00e7\u00f5es, foi apresentada como sinal de maturidade pol\u00edtica no Parlamento. Por\u00e9m, as leituras divergem entre os principais contendores pol\u00edticos \u2013 com o MPLA a garantir que as novas regras dissipam quaisquer d\u00favidas, enquanto a UNITA insiste que ainda existem \u201cfactos\u201d que comprometem a transpar\u00eancia, [&hellip;]<\/p>\n","protected":false},"author":3,"featured_media":1634,"comment_status":"open","ping_status":"open","sticky":false,"template":"","format":"standard","meta":{"footnotes":""},"categories":[16],"tags":[242,244,243,110],"class_list":["post-1633","post","type-post","status-publish","format-standard","has-post-thumbnail","hentry","category-actualidade","tag-assembleia","tag-pacote-eleitoral","tag-unita","tag-votacao"],"blocksy_meta":[],"_links":{"self":[{"href":"https:\/\/www.radiomais.ao\/index.php\/wp-json\/wp\/v2\/posts\/1633","targetHints":{"allow":["GET"]}}],"collection":[{"href":"https:\/\/www.radiomais.ao\/index.php\/wp-json\/wp\/v2\/posts"}],"about":[{"href":"https:\/\/www.radiomais.ao\/index.php\/wp-json\/wp\/v2\/types\/post"}],"author":[{"embeddable":true,"href":"https:\/\/www.radiomais.ao\/index.php\/wp-json\/wp\/v2\/users\/3"}],"replies":[{"embeddable":true,"href":"https:\/\/www.radiomais.ao\/index.php\/wp-json\/wp\/v2\/comments?post=1633"}],"version-history":[{"count":1,"href":"https:\/\/www.radiomais.ao\/index.php\/wp-json\/wp\/v2\/posts\/1633\/revisions"}],"predecessor-version":[{"id":1635,"href":"https:\/\/www.radiomais.ao\/index.php\/wp-json\/wp\/v2\/posts\/1633\/revisions\/1635"}],"wp:featuredmedia":[{"embeddable":true,"href":"https:\/\/www.radiomais.ao\/index.php\/wp-json\/wp\/v2\/media\/1634"}],"wp:attachment":[{"href":"https:\/\/www.radiomais.ao\/index.php\/wp-json\/wp\/v2\/media?parent=1633"}],"wp:term":[{"taxonomy":"category","embeddable":true,"href":"https:\/\/www.radiomais.ao\/index.php\/wp-json\/wp\/v2\/categories?post=1633"},{"taxonomy":"post_tag","embeddable":true,"href":"https:\/\/www.radiomais.ao\/index.php\/wp-json\/wp\/v2\/tags?post=1633"}],"curies":[{"name":"wp","href":"https:\/\/api.w.org\/{rel}","templated":true}]}}