{"id":1639,"date":"2025-08-22T12:23:13","date_gmt":"2025-08-22T11:23:13","guid":{"rendered":"https:\/\/www.radiomais.ao\/?p=1639"},"modified":"2025-08-22T12:23:13","modified_gmt":"2025-08-22T11:23:13","slug":"banco-sol-e-anep-firmam-acordo-para-impulsionar-educacao-privada-em-angola","status":"publish","type":"post","link":"https:\/\/www.radiomais.ao\/index.php\/2025\/08\/22\/banco-sol-e-anep-firmam-acordo-para-impulsionar-educacao-privada-em-angola\/","title":{"rendered":"Banco Sol e ANEP firmam acordo para impulsionar educa\u00e7\u00e3o privada em Angola."},"content":{"rendered":"\n<p>O Banco Sol e a Associa\u00e7\u00e3o Nacional do Ensino Particular (ANEP) v\u00e3o assinar, amanh\u00e3, em Luanda, um memorando de financiamento que vida criar uma alian\u00e7a estrat\u00e9gica com o objectivo de fortalecer a excel\u00eancia acad\u00eamica e a qualidade do ensino no pa\u00eds. Fonte <strong><em><a href=\"https:\/\/www.opais.ao\/economia\/banco-sol-e-anep-firmam-amanha-cordo-para-impulsionar-educacao-privada-em-angola\/\">Opa\u00eds<\/a><\/em><\/strong><\/p>\n","protected":false},"excerpt":{"rendered":"<p>O Banco Sol e a Associa\u00e7\u00e3o Nacional do Ensino Particular (ANEP) v\u00e3o assinar, amanh\u00e3, em Luanda, um memorando de financiamento que vida criar uma alian\u00e7a estrat\u00e9gica com o objectivo de fortalecer a excel\u00eancia acad\u00eamica e a qualidade do ensino no pa\u00eds. Fonte Opa\u00eds<\/p>\n","protected":false},"author":3,"featured_media":1640,"comment_status":"open","ping_status":"open","sticky":false,"template":"","format":"standard","meta":{"footnotes":""},"categories":[16],"tags":[248,247,246],"class_list":["post-1639","post","type-post","status-publish","format-standard","has-post-thumbnail","hentry","category-actualidade","tag-acordo","tag-anep","tag-bancco-sol"],"blocksy_meta":[],"_links":{"self":[{"href":"https:\/\/www.radiomais.ao\/index.php\/wp-json\/wp\/v2\/posts\/1639","targetHints":{"allow":["GET"]}}],"collection":[{"href":"https:\/\/www.radiomais.ao\/index.php\/wp-json\/wp\/v2\/posts"}],"about":[{"href":"https:\/\/www.radiomais.ao\/index.php\/wp-json\/wp\/v2\/types\/post"}],"author":[{"embeddable":true,"href":"https:\/\/www.radiomais.ao\/index.php\/wp-json\/wp\/v2\/users\/3"}],"replies":[{"embeddable":true,"href":"https:\/\/www.radiomais.ao\/index.php\/wp-json\/wp\/v2\/comments?post=1639"}],"version-history":[{"count":1,"href":"https:\/\/www.radiomais.ao\/index.php\/wp-json\/wp\/v2\/posts\/1639\/revisions"}],"predecessor-version":[{"id":1641,"href":"https:\/\/www.radiomais.ao\/index.php\/wp-json\/wp\/v2\/posts\/1639\/revisions\/1641"}],"wp:featuredmedia":[{"embeddable":true,"href":"https:\/\/www.radiomais.ao\/index.php\/wp-json\/wp\/v2\/media\/1640"}],"wp:attachment":[{"href":"https:\/\/www.radiomais.ao\/index.php\/wp-json\/wp\/v2\/media?parent=1639"}],"wp:term":[{"taxonomy":"category","embeddable":true,"href":"https:\/\/www.radiomais.ao\/index.php\/wp-json\/wp\/v2\/categories?post=1639"},{"taxonomy":"post_tag","embeddable":true,"href":"https:\/\/www.radiomais.ao\/index.php\/wp-json\/wp\/v2\/tags?post=1639"}],"curies":[{"name":"wp","href":"https:\/\/api.w.org\/{rel}","templated":true}]}}