{"id":1648,"date":"2025-08-22T14:40:02","date_gmt":"2025-08-22T13:40:02","guid":{"rendered":"https:\/\/www.radiomais.ao\/?p=1648"},"modified":"2025-08-22T14:41:18","modified_gmt":"2025-08-22T13:41:18","slug":"uma-menor-de-4-anos-foi-abusada-sexualmente-por-um-adolescente-de-16-em-luanda","status":"publish","type":"post","link":"https:\/\/www.radiomais.ao\/index.php\/2025\/08\/22\/uma-menor-de-4-anos-foi-abusada-sexualmente-por-um-adolescente-de-16-em-luanda\/","title":{"rendered":"Menor de 4 anos foi abusada sexualmente por um adolescente de 16, em Luanda."},"content":{"rendered":"\n<p> O facto aconteceu no bairro Simione, munic\u00edpio da Camama.<\/p>\n\n\n\n<p>Segundo relatos da m\u00e3e da v\u00edtima, a viola\u00e7\u00e3o ocorreu em duas ocasi\u00f5es distintas.<\/p>\n\n\n\n<p>Especialistas afirmam que o menor poder\u00e1 enfrentar uma pena de at\u00e9 8 anos de pris\u00e3o.<\/p>\n\n\n\n<p><\/p>\n","protected":false},"excerpt":{"rendered":"<p>O facto aconteceu no bairro Simione, munic\u00edpio da Camama. Segundo relatos da m\u00e3e da v\u00edtima, a viola\u00e7\u00e3o ocorreu em duas ocasi\u00f5es distintas. Especialistas afirmam que o menor poder\u00e1 enfrentar uma pena de at\u00e9 8 anos de pris\u00e3o.<\/p>\n","protected":false},"author":3,"featured_media":1649,"comment_status":"open","ping_status":"open","sticky":false,"template":"","format":"standard","meta":{"footnotes":""},"categories":[16],"tags":[253,250],"class_list":["post-1648","post","type-post","status-publish","format-standard","has-post-thumbnail","hentry","category-actualidade","tag-abuso","tag-menor"],"blocksy_meta":[],"_links":{"self":[{"href":"https:\/\/www.radiomais.ao\/index.php\/wp-json\/wp\/v2\/posts\/1648","targetHints":{"allow":["GET"]}}],"collection":[{"href":"https:\/\/www.radiomais.ao\/index.php\/wp-json\/wp\/v2\/posts"}],"about":[{"href":"https:\/\/www.radiomais.ao\/index.php\/wp-json\/wp\/v2\/types\/post"}],"author":[{"embeddable":true,"href":"https:\/\/www.radiomais.ao\/index.php\/wp-json\/wp\/v2\/users\/3"}],"replies":[{"embeddable":true,"href":"https:\/\/www.radiomais.ao\/index.php\/wp-json\/wp\/v2\/comments?post=1648"}],"version-history":[{"count":2,"href":"https:\/\/www.radiomais.ao\/index.php\/wp-json\/wp\/v2\/posts\/1648\/revisions"}],"predecessor-version":[{"id":1651,"href":"https:\/\/www.radiomais.ao\/index.php\/wp-json\/wp\/v2\/posts\/1648\/revisions\/1651"}],"wp:featuredmedia":[{"embeddable":true,"href":"https:\/\/www.radiomais.ao\/index.php\/wp-json\/wp\/v2\/media\/1649"}],"wp:attachment":[{"href":"https:\/\/www.radiomais.ao\/index.php\/wp-json\/wp\/v2\/media?parent=1648"}],"wp:term":[{"taxonomy":"category","embeddable":true,"href":"https:\/\/www.radiomais.ao\/index.php\/wp-json\/wp\/v2\/categories?post=1648"},{"taxonomy":"post_tag","embeddable":true,"href":"https:\/\/www.radiomais.ao\/index.php\/wp-json\/wp\/v2\/tags?post=1648"}],"curies":[{"name":"wp","href":"https:\/\/api.w.org\/{rel}","templated":true}]}}