{"id":1689,"date":"2025-08-25T12:30:23","date_gmt":"2025-08-25T11:30:23","guid":{"rendered":"https:\/\/www.radiomais.ao\/?p=1689"},"modified":"2025-08-25T12:30:23","modified_gmt":"2025-08-25T11:30:23","slug":"taca-do-afrobasket-regressa-ao-pais-12-anos-depois","status":"publish","type":"post","link":"https:\/\/www.radiomais.ao\/index.php\/2025\/08\/25\/taca-do-afrobasket-regressa-ao-pais-12-anos-depois\/","title":{"rendered":"Ta\u00e7a do Afrobasket regressa ao pa\u00eds 12 anos depois."},"content":{"rendered":"\n<p><strong>A Selec\u00e7\u00e3o Nacional voltou a impor a sua vontade no Afrobasket 2025, prova realizada em Luanda e no Namibe. No entanto, o pa\u00eds manteve a tradi\u00e7\u00e3o, organizar a festa da bola ao cesto em casa e vencer tal como foi em 89, 99, 2007<\/strong>. Fonte<strong><em><a href=\"https:\/\/www.opais.ao\/desporto\/taca-do-afrobasket-regressa-ao-pais-12-anos-depois\/\"> Opa\u00eds<\/a><\/em><\/strong><\/p>\n\n\n\n<p><\/p>\n","protected":false},"excerpt":{"rendered":"<p>A Selec\u00e7\u00e3o Nacional voltou a impor a sua vontade no Afrobasket 2025, prova realizada em Luanda e no Namibe. No entanto, o pa\u00eds manteve a tradi\u00e7\u00e3o, organizar a festa da bola ao cesto em casa e vencer tal como foi em 89, 99, 2007. Fonte Opa\u00eds<\/p>\n","protected":false},"author":3,"featured_media":1691,"comment_status":"open","ping_status":"open","sticky":false,"template":"","format":"standard","meta":{"footnotes":""},"categories":[1],"tags":[108,255,22,254],"class_list":["post-1689","post","type-post","status-publish","format-standard","has-post-thumbnail","hentry","category-uncategorized","tag-afrobasket","tag-angola-campea","tag-destaque","tag-taca"],"blocksy_meta":[],"_links":{"self":[{"href":"https:\/\/www.radiomais.ao\/index.php\/wp-json\/wp\/v2\/posts\/1689","targetHints":{"allow":["GET"]}}],"collection":[{"href":"https:\/\/www.radiomais.ao\/index.php\/wp-json\/wp\/v2\/posts"}],"about":[{"href":"https:\/\/www.radiomais.ao\/index.php\/wp-json\/wp\/v2\/types\/post"}],"author":[{"embeddable":true,"href":"https:\/\/www.radiomais.ao\/index.php\/wp-json\/wp\/v2\/users\/3"}],"replies":[{"embeddable":true,"href":"https:\/\/www.radiomais.ao\/index.php\/wp-json\/wp\/v2\/comments?post=1689"}],"version-history":[{"count":1,"href":"https:\/\/www.radiomais.ao\/index.php\/wp-json\/wp\/v2\/posts\/1689\/revisions"}],"predecessor-version":[{"id":1692,"href":"https:\/\/www.radiomais.ao\/index.php\/wp-json\/wp\/v2\/posts\/1689\/revisions\/1692"}],"wp:featuredmedia":[{"embeddable":true,"href":"https:\/\/www.radiomais.ao\/index.php\/wp-json\/wp\/v2\/media\/1691"}],"wp:attachment":[{"href":"https:\/\/www.radiomais.ao\/index.php\/wp-json\/wp\/v2\/media?parent=1689"}],"wp:term":[{"taxonomy":"category","embeddable":true,"href":"https:\/\/www.radiomais.ao\/index.php\/wp-json\/wp\/v2\/categories?post=1689"},{"taxonomy":"post_tag","embeddable":true,"href":"https:\/\/www.radiomais.ao\/index.php\/wp-json\/wp\/v2\/tags?post=1689"}],"curies":[{"name":"wp","href":"https:\/\/api.w.org\/{rel}","templated":true}]}}