{"id":1693,"date":"2025-08-25T12:33:46","date_gmt":"2025-08-25T11:33:46","guid":{"rendered":"https:\/\/www.radiomais.ao\/?p=1693"},"modified":"2025-08-25T12:33:46","modified_gmt":"2025-08-25T11:33:46","slug":"seguranca-alimentar-educacao-e-saude-entre-as-prioridades-da-visita-de-sheikh-mohamed-a-angola","status":"publish","type":"post","link":"https:\/\/www.radiomais.ao\/index.php\/2025\/08\/25\/seguranca-alimentar-educacao-e-saude-entre-as-prioridades-da-visita-de-sheikh-mohamed-a-angola\/","title":{"rendered":"Seguran\u00e7a alimentar, educa\u00e7\u00e3o e sa\u00fade entre as prioridades da visita de Sheikh Mohamed a Angola."},"content":{"rendered":"\n<p><strong>O Presidente dos Emirados \u00c1rabes Unidos, Sheikh Mohamed Bin Zayed Al Nahyan, que se encontra desde ontem em Luanda, para uma visita de Estado de 48 horas, a convite do Chefe de Estado, Jo\u00e3o Louren\u00e7o, tem como prioridade na sua agenda de trabalho o refor\u00e7o da coopera\u00e7\u00e3o nos sectores da energia sustent\u00e1vel, seguran\u00e7a alimentar, infra-estruturas, educa\u00e7\u00e3o, sa\u00fade e transforma\u00e7\u00e3o digital<\/strong>. Fonte <strong><em><a href=\"https:\/\/www.opais.ao\/politica\/seguranca-alimentar-educacao-e-saude-entre-as-prioridades-da-visita-de-sheikh-mohamed-a-angola\/\">Opa\u00eds<\/a><\/em><\/strong><\/p>\n\n\n\n<p><\/p>\n","protected":false},"excerpt":{"rendered":"<p>O Presidente dos Emirados \u00c1rabes Unidos, Sheikh Mohamed Bin Zayed Al Nahyan, que se encontra desde ontem em Luanda, para uma visita de Estado de 48 horas, a convite do Chefe de Estado, Jo\u00e3o Louren\u00e7o, tem como prioridade na sua agenda de trabalho o refor\u00e7o da coopera\u00e7\u00e3o nos sectores da energia sustent\u00e1vel, seguran\u00e7a alimentar, infra-estruturas, [&hellip;]<\/p>\n","protected":false},"author":3,"featured_media":1694,"comment_status":"open","ping_status":"open","sticky":false,"template":"","format":"standard","meta":{"footnotes":""},"categories":[16],"tags":[75,257,256],"class_list":["post-1693","post","type-post","status-publish","format-standard","has-post-thumbnail","hentry","category-actualidade","tag-angola","tag-sheikh-mohamed","tag-visita-do-shake"],"blocksy_meta":[],"_links":{"self":[{"href":"https:\/\/www.radiomais.ao\/index.php\/wp-json\/wp\/v2\/posts\/1693","targetHints":{"allow":["GET"]}}],"collection":[{"href":"https:\/\/www.radiomais.ao\/index.php\/wp-json\/wp\/v2\/posts"}],"about":[{"href":"https:\/\/www.radiomais.ao\/index.php\/wp-json\/wp\/v2\/types\/post"}],"author":[{"embeddable":true,"href":"https:\/\/www.radiomais.ao\/index.php\/wp-json\/wp\/v2\/users\/3"}],"replies":[{"embeddable":true,"href":"https:\/\/www.radiomais.ao\/index.php\/wp-json\/wp\/v2\/comments?post=1693"}],"version-history":[{"count":1,"href":"https:\/\/www.radiomais.ao\/index.php\/wp-json\/wp\/v2\/posts\/1693\/revisions"}],"predecessor-version":[{"id":1695,"href":"https:\/\/www.radiomais.ao\/index.php\/wp-json\/wp\/v2\/posts\/1693\/revisions\/1695"}],"wp:featuredmedia":[{"embeddable":true,"href":"https:\/\/www.radiomais.ao\/index.php\/wp-json\/wp\/v2\/media\/1694"}],"wp:attachment":[{"href":"https:\/\/www.radiomais.ao\/index.php\/wp-json\/wp\/v2\/media?parent=1693"}],"wp:term":[{"taxonomy":"category","embeddable":true,"href":"https:\/\/www.radiomais.ao\/index.php\/wp-json\/wp\/v2\/categories?post=1693"},{"taxonomy":"post_tag","embeddable":true,"href":"https:\/\/www.radiomais.ao\/index.php\/wp-json\/wp\/v2\/tags?post=1693"}],"curies":[{"name":"wp","href":"https:\/\/api.w.org\/{rel}","templated":true}]}}