{"id":1696,"date":"2025-08-25T12:38:37","date_gmt":"2025-08-25T11:38:37","guid":{"rendered":"https:\/\/www.radiomais.ao\/?p=1696"},"modified":"2025-08-25T12:38:37","modified_gmt":"2025-08-25T11:38:37","slug":"angola-assegura-presenca-no-maior-evento-mundial-de-exposicao-de-produtos-agricolas","status":"publish","type":"post","link":"https:\/\/www.radiomais.ao\/index.php\/2025\/08\/25\/angola-assegura-presenca-no-maior-evento-mundial-de-exposicao-de-produtos-agricolas\/","title":{"rendered":"Angola assegura presen\u00e7a no maior evento mundial de exposi\u00e7\u00e3o de produtos agr\u00edcolas."},"content":{"rendered":"\n<p><strong>Angola marcar\u00e1 presen\u00e7a, este ano, na Fruit Attraction, uma das maiores feiras internacionais do sector hortofrut\u00edcola, que ter\u00e1 lugar em Madrid, Espanha, de 30 de Setembro a 2 de Outubro. A participa\u00e7\u00e3o angolana contar\u00e1 com o patroc\u00ednio do Banco BAI e ser\u00e1 realizada de forma conjunta, refor\u00e7ando a aposta na promo\u00e7\u00e3o dos produtos agr\u00edcolas nacionais no mercado internacional<\/strong>.<strong><em><a href=\"https:\/\/www.opais.ao\/economia\/angola-assegura-presenca-no-maior-evento-mundial-de-exposicao-de-produtos-agricolas\/\"> Fonte Opa\u00eds<\/a><\/em><\/strong><\/p>\n","protected":false},"excerpt":{"rendered":"<p>Angola marcar\u00e1 presen\u00e7a, este ano, na Fruit Attraction, uma das maiores feiras internacionais do sector hortofrut\u00edcola, que ter\u00e1 lugar em Madrid, Espanha, de 30 de Setembro a 2 de Outubro. A participa\u00e7\u00e3o angolana contar\u00e1 com o patroc\u00ednio do Banco BAI e ser\u00e1 realizada de forma conjunta, refor\u00e7ando a aposta na promo\u00e7\u00e3o dos produtos agr\u00edcolas nacionais [&hellip;]<\/p>\n","protected":false},"author":3,"featured_media":1697,"comment_status":"open","ping_status":"open","sticky":false,"template":"","format":"standard","meta":{"footnotes":""},"categories":[16],"tags":[262,75,260,261,259,258],"class_list":["post-1696","post","type-post","status-publish","format-standard","has-post-thumbnail","hentry","category-actualidade","tag-alimentos","tag-angola","tag-evento-mundial","tag-exposicao","tag-maior","tag-presente"],"blocksy_meta":[],"_links":{"self":[{"href":"https:\/\/www.radiomais.ao\/index.php\/wp-json\/wp\/v2\/posts\/1696","targetHints":{"allow":["GET"]}}],"collection":[{"href":"https:\/\/www.radiomais.ao\/index.php\/wp-json\/wp\/v2\/posts"}],"about":[{"href":"https:\/\/www.radiomais.ao\/index.php\/wp-json\/wp\/v2\/types\/post"}],"author":[{"embeddable":true,"href":"https:\/\/www.radiomais.ao\/index.php\/wp-json\/wp\/v2\/users\/3"}],"replies":[{"embeddable":true,"href":"https:\/\/www.radiomais.ao\/index.php\/wp-json\/wp\/v2\/comments?post=1696"}],"version-history":[{"count":1,"href":"https:\/\/www.radiomais.ao\/index.php\/wp-json\/wp\/v2\/posts\/1696\/revisions"}],"predecessor-version":[{"id":1698,"href":"https:\/\/www.radiomais.ao\/index.php\/wp-json\/wp\/v2\/posts\/1696\/revisions\/1698"}],"wp:featuredmedia":[{"embeddable":true,"href":"https:\/\/www.radiomais.ao\/index.php\/wp-json\/wp\/v2\/media\/1697"}],"wp:attachment":[{"href":"https:\/\/www.radiomais.ao\/index.php\/wp-json\/wp\/v2\/media?parent=1696"}],"wp:term":[{"taxonomy":"category","embeddable":true,"href":"https:\/\/www.radiomais.ao\/index.php\/wp-json\/wp\/v2\/categories?post=1696"},{"taxonomy":"post_tag","embeddable":true,"href":"https:\/\/www.radiomais.ao\/index.php\/wp-json\/wp\/v2\/tags?post=1696"}],"curies":[{"name":"wp","href":"https:\/\/api.w.org\/{rel}","templated":true}]}}